{"id":7356,"date":"2023-06-19T18:51:00","date_gmt":"2023-06-19T21:51:00","guid":{"rendered":"https:\/\/blog.totidiversidade.com.br\/impacto-da-inteligencia-artificial\/"},"modified":"2025-05-26T12:34:36","modified_gmt":"2025-05-26T15:34:36","slug":"impacto-da-inteligencia-artificial","status":"publish","type":"post","link":"https:\/\/totidiversidade.com.br\/blog\/impacto-da-inteligencia-artificial\/","title":{"rendered":"Impacto da intelig\u00eancia artificial na diversidade: uma vantagem ou um problema?"},"content":{"rendered":"<div id=\"bsf_rt_marker\"><\/div>\t\t<div data-elementor-type=\"wp-post\" data-elementor-id=\"7356\" class=\"elementor elementor-7356\" data-elementor-post-type=\"post\">\n\t\t\t\t<div class=\"elementor-element elementor-element-12b438d0 e-flex e-con-boxed e-con e-parent\" data-id=\"12b438d0\" data-element_type=\"container\">\n\t\t\t\t\t<div class=\"e-con-inner\">\n\t\t\t\t<div class=\"elementor-element elementor-element-4d122e7f elementor-widget elementor-widget-text-editor\" data-id=\"4d122e7f\" data-element_type=\"widget\" data-widget_type=\"text-editor.default\">\n\t\t\t\t<div class=\"elementor-widget-container\">\n\t\t\t\t\t\t\t\t\t<figure class=\"wp-block-post-featured-image\"><img fetchpriority=\"high\" decoding=\"async\" width=\"2000\" height=\"1333\" src=\"https:\/\/totidiversidade.com.br\/blog\/wp-content\/uploads\/2024\/07\/impacto-da-inteligencia-artificial-capa.jpg\" class=\"attachment-post-thumbnail size-post-thumbnail wp-post-image\" alt=\"Foto de uma mulher e um homem sorrindo enquanto olham para um laptop, ambos vestindo camisetas brancas com o logo da Toti. Eles est\u00e3o em um ambiente de sala de aula com fotos coloridas nas paredes.\" style=\"object-fit:cover;\" srcset=\"https:\/\/totidiversidade.com.br\/blog\/wp-content\/uploads\/2024\/07\/impacto-da-inteligencia-artificial-capa.jpg 2000w, https:\/\/totidiversidade.com.br\/blog\/wp-content\/uploads\/2024\/07\/impacto-da-inteligencia-artificial-capa-300x200.jpg 300w, https:\/\/totidiversidade.com.br\/blog\/wp-content\/uploads\/2024\/07\/impacto-da-inteligencia-artificial-capa-1024x682.jpg 1024w, https:\/\/totidiversidade.com.br\/blog\/wp-content\/uploads\/2024\/07\/impacto-da-inteligencia-artificial-capa-768x512.jpg 768w, https:\/\/totidiversidade.com.br\/blog\/wp-content\/uploads\/2024\/07\/impacto-da-inteligencia-artificial-capa-1536x1024.jpg 1536w\" sizes=\"(max-width: 2000px) 100vw, 2000px\" \/><\/figure>\n<p>Com o r\u00e1pido aprimoramento da tecnologia, surge um debate pol\u00eamico sobre o impacto da intelig\u00eancia artificial (IA) na diversidade. Por um lado, a IA pode facilitar tarefas operacionais. Por outro, tem a possibilidade de perpetuar preconceitos e acentuar desigualdades por conta dos vieses que ela carrega.\u00a0<\/p>\n\n<p>Mas de que forma isso acontece? Entrevistamos alguns especialistas para responder essa quest\u00e3o crucial e expor novos pontos de vista.<\/p>\n<p>Antes de aprofundar a discuss\u00e3o, precisamos abordar o conceito de <strong><em>vieses<\/em><\/strong>.<\/p>\n<h2>O que s\u00e3o vieses inconscientes?\u00a0<\/h2>\n\n<p>Vieses inconscientes s\u00e3o padr\u00f5es de pensamento que <strong><em>reproduzimos de forma autom\u00e1tica <\/em><\/strong>com base em mem\u00f3rias armazenadas que podem refor\u00e7ar atitudes discriminat\u00f3rias sem que possamos perceber.\u00a0<\/p>\n\n<p>Em outras palavras, podemos entender os vieses como generaliza\u00e7\u00f5es sobre classes sociais, faixa et\u00e1rias, ra\u00e7as, g\u00eanero e outros aspectos.\u00a0<\/p>\n\n<p>Para melhor compreens\u00e3o, basta lembrarmos do vi\u00e9s de grupo, caracterizado pela tend\u00eancia em apoiar comportamentos do pr\u00f3prio c\u00edrculo social, enquanto os membros de outros grupos s\u00e3o negligenciados.<\/p>\n<h2>Preocupa\u00e7\u00f5es sobre o impacto da intelig\u00eancia artificial e a influ\u00eancia dos vieses\u00a0<\/h2>\n\n<p>Considerando que a cria\u00e7\u00e3o da intelig\u00eancia artificial depende de seres humanos \u2014 que, por sua vez, carregam <strong><em>vieses<\/em><\/strong>, \u00e9 natural supor que essa tecnologia tamb\u00e9m possa <strong><em>refor\u00e7ar preconceitos<\/em><\/strong>.\u00a0<\/p>\n\n<p>Rafael Publio e Aline Morais, consultores da<a href=\"https:\/\/stacausa.com.br\/\" target=\"_blank\" rel=\"noreferrer noopener\"> Santa Causa Boas Ideias &amp; Projetos<\/a>, concordam que, caso n\u00e3o seja criada e usada da maneira correta, a IA pode frear os avan\u00e7os na constru\u00e7\u00e3o de uma sociedade mais inclusiva.\u00a0<\/p>\n\n<p>Por exemplo, em uma an\u00e1lise de curr\u00edculos, se o algoritmo de sele\u00e7\u00e3o for alimentado com dados que mostram que candidatos do sexo masculino s\u00e3o mais contratados, o algoritmo pode excluir automaticamente profissionais mulheres.\u00a0<\/p>\n\n<p>Da mesma forma, a IA pode desfavorecer candidatos sem ensino superior, caso os desenvolvedores ou usu\u00e1rios tenham preconceitos em rela\u00e7\u00e3o \u00e0 escolaridade.<\/p>\n\n<p>O problema tamb\u00e9m pode ocorrer em aplicativos de reconhecimento facial, que, quando treinados com apenas rostos brancos, podem dificultar a identifica\u00e7\u00e3o de pessoas negras.\u00a0<\/p>\n\n<p>\u00c9 poss\u00edvel observar o impacto da intelig\u00eancia artificial na promo\u00e7\u00e3o da diversidade at\u00e9 mesmo em simples consultas. C\u00e9sar Filho, fundador da WeCancer, conta que um colega solicitou uma lista de cientistas para uma plataforma de IA e ela incluiu apenas homens brancos. Nesse caso, seu amigo precisou ajustar a pergunta para que a tecnologia tamb\u00e9m apresentasse mulheres.<\/p>\n\n<figure class=\"wp-block-image aligncenter size-large\"><img decoding=\"async\" class=\"wp-image-578\" src=\"https:\/\/totidiversidade.com.br\/blog\/wp-content\/uploads\/2024\/07\/impacto-da-inteligencia-artificial-1-1024x575.jpg\" alt=\"Imagem futurista que mostra a m\u00e3o de um ser humano indo tocar a m\u00e3o de um rob\u00f4. Essa foto ilustra o impacto da intelig\u00eancia artificial na sociedade.\" \/>\n<figcaption class=\"wp-element-caption\">O contato entre o ser humano e a m\u00e1quina. <br \/>Cr\u00e9dito: Gerd Altmann por Pixabay<\/figcaption>\n<\/figure>\n\n<h2 class=\"wp-block-heading\">O lado bom do uso da intelig\u00eancia artificial\u00a0<\/h2>\n\n<p>O avan\u00e7o da tecnologia tamb\u00e9m traz benef\u00edcios para a sociedade, como a automa\u00e7\u00e3o de tarefas, identifica\u00e7\u00e3o de falhas e realiza\u00e7\u00e3o de ajustes em tempo real. \u201cQuando preciso montar v\u00e1rios modelos de e-mail de prospec\u00e7\u00e3o, eu escrevo um prompt l\u00e1 e fa\u00e7o isso em 15 minutos\u201d, diz C\u00e9sar.\u00a0<\/p>\n\n<p>Al\u00e9m disso, a intelig\u00eancia artificial tamb\u00e9m<strong><em> pode ajudar na promo\u00e7\u00e3o da diversidade<\/em><\/strong>, desde que seja treinada de <strong><em>maneira inclusiva<\/em><\/strong>. Caso contr\u00e1rio, ela pode amplificar os problemas que detalhamos no t\u00f3pico anterior.\u00a0<\/p>\n\n<p>Quando usada da maneira correta, essa tecnologia pode identificar vieses em algoritmos. \u201cEla j\u00e1 mostra de cara que alguma coisa n\u00e3o est\u00e1 certa, especialmente quando evidencia um padr\u00e3o que n\u00e3o \u00e9 compat\u00edvel com a realidade da sociedade\u201d, comenta Rafael.\u00a0<\/p>\n\n<p>Juntamente com um volume de dados, a IA tamb\u00e9m pode detectar lacunas de diversidade e trazer sugest\u00f5es de a\u00e7\u00f5es para melhorar o cen\u00e1rio.\u00a0<\/p>\n\n<p>Outro benef\u00edcio \u00e9 a possibilidade de personalizar a experi\u00eancia de navega\u00e7\u00e3o, conforme as necessidades de cada pessoa. Isso sem contar que a intelig\u00eancia artificial tamb\u00e9m pode contribuir para a comunica\u00e7\u00e3o inclusiva com a sugest\u00e3o de substitui\u00e7\u00e3o de termos que reproduzem estere\u00f3tipos.\u00a0<\/p>\n\n<figure class=\"wp-block-image aligncenter size-large\"><img decoding=\"async\" class=\"wp-image-579\" src=\"https:\/\/totidiversidade.com.br\/blog\/wp-content\/uploads\/2024\/07\/impacto-da-inteligencia-artificial-2-1024x682.jpg\" alt=\"Mulher branca de cabelos escuros est\u00e1 sentada mostrando o seu celular para o homem que est\u00e1 ao seu lado. Ele possui pele branca, barba e cabelo raspado nas laterais. Ambos s\u00e3o alunos da Toti Diversidade.\" \/>\n<figcaption class=\"wp-element-caption\">Yurisay Del Valle Martinez Calderon e Danilson Nunes Dos Reis, ex-alunos da Toti Diversidade.<\/figcaption>\n<\/figure>\n\n<h2 class=\"wp-block-heading\">Como assegurar que o impacto da intelig\u00eancia artificial seja positivo para a diversidade?<\/h2>\n\n<p>Aline e Rafael acreditam que \u00e9 poss\u00edvel que a IA ajude na promo\u00e7\u00e3o da diversidade. No entanto, para isso, \u00e9 importante que os desenvolvedores conhe\u00e7am <strong><em>perspectivas diferentes<\/em><\/strong>, busquem conhecimento, validem hip\u00f3teses com indiv\u00edduos diversos e executem ajustes sempre que necess\u00e1rio.\u00a0<\/p>\n\n<p>O desenvolvedor Lucas Fernandes complementa com uma an\u00e1lise t\u00e9cnica: \u201cOs dados utilizados devem sempre considerar a diversidade e contar com representatividades distintas. Da mesma forma, para evitar a exclus\u00e3o de certos grupos, \u00e9 necess\u00e1rio realizar auditorias regulares nos sistemas de IA a fim de identificar e corrigir vieses\u201d, diz.\u00a0<\/p>\n\n<p>O especialista tamb\u00e9m refor\u00e7a a import\u00e2ncia da presen\u00e7a de indiv\u00edduos com <em><strong>origens e viv\u00eancias distintas<\/strong> <\/em>na<em> <strong>concep\u00e7\u00e3o<\/strong> <\/em>de uma<em> <strong>intelig\u00eancia artificial<\/strong><\/em>.\u00a0<\/p>\n\n<p>Nos pr\u00f3ximos anos, C\u00e9sar acredita que o mundo vai evoluir muito em termos de tecnologia. \u201cA gente s\u00f3 precisa preparar as pessoas para esses trabalhos no futuro\u201d, afirma.\u00a0<\/p>\n\n<p><a href=\"https:\/\/totidiversidade.com.br\/banco-de-talentos-diversidade\/\" target=\"_blank\" rel=\"noreferrer noopener\">Veja como contratar talentos diversos para o seu time.<\/a><\/p>\n\n<div class=\"wp-block-spacer\" style=\"height: 20px;\" aria-hidden=\"true\">\u00a0<\/div>\n\t\t\t\t\t\t\t\t<\/div>\n\t\t\t\t<\/div>\n\t\t\t\t\t<\/div>\n\t\t\t\t<\/div>\n\t\t\t\t<\/div>\n\t\t","protected":false},"excerpt":{"rendered":"<p>Especialistas revelam as suas opini\u00f5es sobre o impacto da intelig\u00eancia artificial na promo\u00e7\u00e3o da diversidade. \u00c9 uma vantagem ou um problema?<\/p>\n","protected":false},"author":1,"featured_media":7360,"comment_status":"closed","ping_status":"closed","sticky":false,"template":"","format":"standard","meta":{"footnotes":""},"categories":[1,15],"tags":[181],"class_list":["post-7356","post","type-post","status-publish","format-standard","has-post-thumbnail","hentry","category-diversidade-e-esg","category-mercado-de-tecnologia","tag-banner-lateral-palestras-para-empresas"],"yoast_head":"<!-- This site is optimized with the Yoast SEO plugin v25.7 - https:\/\/yoast.com\/wordpress\/plugins\/seo\/ -->\n<title>Impacto da intelig\u00eancia artificial na diversidade: pr\u00f3s e contras<\/title>\n<meta name=\"description\" content=\"Especialistas revelam as suas opini\u00f5es sobre o impacto da intelig\u00eancia artificial na promo\u00e7\u00e3o da diversidade. \u00c9 uma vantagem ou um problema?\" \/>\n<meta name=\"robots\" content=\"index, follow, max-snippet:-1, max-image-preview:large, max-video-preview:-1\" \/>\n<link rel=\"canonical\" href=\"https:\/\/totidiversidade.com.br\/blog\/impacto-da-inteligencia-artificial\/\" \/>\n<meta property=\"og:locale\" content=\"pt_BR\" \/>\n<meta property=\"og:type\" content=\"article\" \/>\n<meta property=\"og:title\" content=\"A intelig\u00eancia artificial prejudica ou favorece a diversidade?\" \/>\n<meta property=\"og:description\" content=\"Especialistas revelam as suas opini\u00f5es sobre o impacto da intelig\u00eancia artificial na promo\u00e7\u00e3o da diversidade. \u00c9 uma vantagem ou um problema?\" \/>\n<meta property=\"og:url\" content=\"https:\/\/totidiversidade.com.br\/blog\/impacto-da-inteligencia-artificial\/\" \/>\n<meta property=\"og:site_name\" content=\"Blog Diversidade e ESG | Toti\" \/>\n<meta property=\"article:published_time\" content=\"2023-06-19T21:51:00+00:00\" \/>\n<meta property=\"article:modified_time\" content=\"2025-05-26T15:34:36+00:00\" \/>\n<meta name=\"author\" content=\"devuser\" \/>\n<meta name=\"twitter:card\" content=\"summary_large_image\" \/>\n<meta name=\"twitter:image\" content=\"https:\/\/totidiversidade.com.br\/blog\/wp-content\/uploads\/2024\/07\/impacto-da-inteligencia-artificial-capa.jpg\" \/>\n<meta name=\"twitter:label1\" content=\"Escrito por\" \/>\n\t<meta name=\"twitter:data1\" content=\"devuser\" \/>\n\t<meta name=\"twitter:label2\" content=\"Est. tempo de leitura\" \/>\n\t<meta name=\"twitter:data2\" content=\"5 minutos\" \/>\n<script type=\"application\/ld+json\" class=\"yoast-schema-graph\">{\"@context\":\"https:\/\/schema.org\",\"@graph\":[{\"@type\":\"WebPage\",\"@id\":\"https:\/\/totidiversidade.com.br\/blog\/impacto-da-inteligencia-artificial\/\",\"url\":\"https:\/\/totidiversidade.com.br\/blog\/impacto-da-inteligencia-artificial\/\",\"name\":\"Impacto da intelig\u00eancia artificial na diversidade: pr\u00f3s e contras\",\"isPartOf\":{\"@id\":\"https:\/\/totidiversidade.com.br\/blog\/#website\"},\"primaryImageOfPage\":{\"@id\":\"https:\/\/totidiversidade.com.br\/blog\/impacto-da-inteligencia-artificial\/#primaryimage\"},\"image\":{\"@id\":\"https:\/\/totidiversidade.com.br\/blog\/impacto-da-inteligencia-artificial\/#primaryimage\"},\"thumbnailUrl\":\"https:\/\/totidiversidade.com.br\/blog\/wp-content\/uploads\/2024\/07\/impacto-da-inteligencia-artificial-capa.jpg\",\"datePublished\":\"2023-06-19T21:51:00+00:00\",\"dateModified\":\"2025-05-26T15:34:36+00:00\",\"author\":{\"@id\":\"https:\/\/totidiversidade.com.br\/blog\/#\/schema\/person\/017720ddde8fe164d3869aa20cee5343\"},\"description\":\"Especialistas revelam as suas opini\u00f5es sobre o impacto da intelig\u00eancia artificial na promo\u00e7\u00e3o da diversidade. \u00c9 uma vantagem ou um problema?\",\"breadcrumb\":{\"@id\":\"https:\/\/totidiversidade.com.br\/blog\/impacto-da-inteligencia-artificial\/#breadcrumb\"},\"inLanguage\":\"pt-BR\",\"potentialAction\":[{\"@type\":\"ReadAction\",\"target\":[\"https:\/\/totidiversidade.com.br\/blog\/impacto-da-inteligencia-artificial\/\"]}]},{\"@type\":\"ImageObject\",\"inLanguage\":\"pt-BR\",\"@id\":\"https:\/\/totidiversidade.com.br\/blog\/impacto-da-inteligencia-artificial\/#primaryimage\",\"url\":\"https:\/\/totidiversidade.com.br\/blog\/wp-content\/uploads\/2024\/07\/impacto-da-inteligencia-artificial-capa.jpg\",\"contentUrl\":\"https:\/\/totidiversidade.com.br\/blog\/wp-content\/uploads\/2024\/07\/impacto-da-inteligencia-artificial-capa.jpg\",\"width\":2000,\"height\":1333,\"caption\":\"Foto de uma mulher e um homem sorrindo enquanto olham para um laptop, ambos vestindo camisetas brancas com o logo da Toti. Eles est\u00e3o em um ambiente de sala de aula com fotos coloridas nas paredes.\"},{\"@type\":\"BreadcrumbList\",\"@id\":\"https:\/\/totidiversidade.com.br\/blog\/impacto-da-inteligencia-artificial\/#breadcrumb\",\"itemListElement\":[{\"@type\":\"ListItem\",\"position\":1,\"name\":\"In\u00edcio\",\"item\":\"https:\/\/totidiversidade.com.br\/blog\/\"},{\"@type\":\"ListItem\",\"position\":2,\"name\":\"Impacto da intelig\u00eancia artificial na diversidade: uma vantagem ou um problema?\"}]},{\"@type\":\"WebSite\",\"@id\":\"https:\/\/totidiversidade.com.br\/blog\/#website\",\"url\":\"https:\/\/totidiversidade.com.br\/blog\/\",\"name\":\"Blog Toti Diversidade\",\"description\":\"Leia no blog da TOTI sobre diversidade, ESG e inclus\u00e3o de refugiados no mercado de tecnologia. Conte\u00fado que transforma empresas e vidas.\",\"alternateName\":\"Blog Toti\",\"potentialAction\":[{\"@type\":\"SearchAction\",\"target\":{\"@type\":\"EntryPoint\",\"urlTemplate\":\"https:\/\/totidiversidade.com.br\/blog\/?s={search_term_string}\"},\"query-input\":{\"@type\":\"PropertyValueSpecification\",\"valueRequired\":true,\"valueName\":\"search_term_string\"}}],\"inLanguage\":\"pt-BR\"},{\"@type\":\"Person\",\"@id\":\"https:\/\/totidiversidade.com.br\/blog\/#\/schema\/person\/017720ddde8fe164d3869aa20cee5343\",\"name\":\"devuser\",\"image\":{\"@type\":\"ImageObject\",\"inLanguage\":\"pt-BR\",\"@id\":\"https:\/\/totidiversidade.com.br\/blog\/#\/schema\/person\/image\/\",\"url\":\"https:\/\/secure.gravatar.com\/avatar\/74253e3534ececebd2a347cb60a61a1ce269d9077a2a8ab85efc2d6527e087e4?s=96&d=mm&r=g\",\"contentUrl\":\"https:\/\/secure.gravatar.com\/avatar\/74253e3534ececebd2a347cb60a61a1ce269d9077a2a8ab85efc2d6527e087e4?s=96&d=mm&r=g\",\"caption\":\"devuser\"},\"sameAs\":[\"https:\/\/blog.totidiversidade.com.br\"],\"url\":\"https:\/\/totidiversidade.com.br\/blog\/author\/devuser\/\"}]}<\/script>\n<!-- \/ Yoast SEO plugin. -->","yoast_head_json":{"title":"Impacto da intelig\u00eancia artificial na diversidade: pr\u00f3s e contras","description":"Especialistas revelam as suas opini\u00f5es sobre o impacto da intelig\u00eancia artificial na promo\u00e7\u00e3o da diversidade. \u00c9 uma vantagem ou um problema?","robots":{"index":"index","follow":"follow","max-snippet":"max-snippet:-1","max-image-preview":"max-image-preview:large","max-video-preview":"max-video-preview:-1"},"canonical":"https:\/\/totidiversidade.com.br\/blog\/impacto-da-inteligencia-artificial\/","og_locale":"pt_BR","og_type":"article","og_title":"A intelig\u00eancia artificial prejudica ou favorece a diversidade?","og_description":"Especialistas revelam as suas opini\u00f5es sobre o impacto da intelig\u00eancia artificial na promo\u00e7\u00e3o da diversidade. \u00c9 uma vantagem ou um problema?","og_url":"https:\/\/totidiversidade.com.br\/blog\/impacto-da-inteligencia-artificial\/","og_site_name":"Blog Diversidade e ESG | Toti","article_published_time":"2023-06-19T21:51:00+00:00","article_modified_time":"2025-05-26T15:34:36+00:00","author":"devuser","twitter_card":"summary_large_image","twitter_image":"https:\/\/totidiversidade.com.br\/blog\/wp-content\/uploads\/2024\/07\/impacto-da-inteligencia-artificial-capa.jpg","twitter_misc":{"Escrito por":"devuser","Est. tempo de leitura":"5 minutos"},"schema":{"@context":"https:\/\/schema.org","@graph":[{"@type":"WebPage","@id":"https:\/\/totidiversidade.com.br\/blog\/impacto-da-inteligencia-artificial\/","url":"https:\/\/totidiversidade.com.br\/blog\/impacto-da-inteligencia-artificial\/","name":"Impacto da intelig\u00eancia artificial na diversidade: pr\u00f3s e contras","isPartOf":{"@id":"https:\/\/totidiversidade.com.br\/blog\/#website"},"primaryImageOfPage":{"@id":"https:\/\/totidiversidade.com.br\/blog\/impacto-da-inteligencia-artificial\/#primaryimage"},"image":{"@id":"https:\/\/totidiversidade.com.br\/blog\/impacto-da-inteligencia-artificial\/#primaryimage"},"thumbnailUrl":"https:\/\/totidiversidade.com.br\/blog\/wp-content\/uploads\/2024\/07\/impacto-da-inteligencia-artificial-capa.jpg","datePublished":"2023-06-19T21:51:00+00:00","dateModified":"2025-05-26T15:34:36+00:00","author":{"@id":"https:\/\/totidiversidade.com.br\/blog\/#\/schema\/person\/017720ddde8fe164d3869aa20cee5343"},"description":"Especialistas revelam as suas opini\u00f5es sobre o impacto da intelig\u00eancia artificial na promo\u00e7\u00e3o da diversidade. \u00c9 uma vantagem ou um problema?","breadcrumb":{"@id":"https:\/\/totidiversidade.com.br\/blog\/impacto-da-inteligencia-artificial\/#breadcrumb"},"inLanguage":"pt-BR","potentialAction":[{"@type":"ReadAction","target":["https:\/\/totidiversidade.com.br\/blog\/impacto-da-inteligencia-artificial\/"]}]},{"@type":"ImageObject","inLanguage":"pt-BR","@id":"https:\/\/totidiversidade.com.br\/blog\/impacto-da-inteligencia-artificial\/#primaryimage","url":"https:\/\/totidiversidade.com.br\/blog\/wp-content\/uploads\/2024\/07\/impacto-da-inteligencia-artificial-capa.jpg","contentUrl":"https:\/\/totidiversidade.com.br\/blog\/wp-content\/uploads\/2024\/07\/impacto-da-inteligencia-artificial-capa.jpg","width":2000,"height":1333,"caption":"Foto de uma mulher e um homem sorrindo enquanto olham para um laptop, ambos vestindo camisetas brancas com o logo da Toti. Eles est\u00e3o em um ambiente de sala de aula com fotos coloridas nas paredes."},{"@type":"BreadcrumbList","@id":"https:\/\/totidiversidade.com.br\/blog\/impacto-da-inteligencia-artificial\/#breadcrumb","itemListElement":[{"@type":"ListItem","position":1,"name":"In\u00edcio","item":"https:\/\/totidiversidade.com.br\/blog\/"},{"@type":"ListItem","position":2,"name":"Impacto da intelig\u00eancia artificial na diversidade: uma vantagem ou um problema?"}]},{"@type":"WebSite","@id":"https:\/\/totidiversidade.com.br\/blog\/#website","url":"https:\/\/totidiversidade.com.br\/blog\/","name":"Blog Toti Diversidade","description":"Leia no blog da TOTI sobre diversidade, ESG e inclus\u00e3o de refugiados no mercado de tecnologia. Conte\u00fado que transforma empresas e vidas.","alternateName":"Blog Toti","potentialAction":[{"@type":"SearchAction","target":{"@type":"EntryPoint","urlTemplate":"https:\/\/totidiversidade.com.br\/blog\/?s={search_term_string}"},"query-input":{"@type":"PropertyValueSpecification","valueRequired":true,"valueName":"search_term_string"}}],"inLanguage":"pt-BR"},{"@type":"Person","@id":"https:\/\/totidiversidade.com.br\/blog\/#\/schema\/person\/017720ddde8fe164d3869aa20cee5343","name":"devuser","image":{"@type":"ImageObject","inLanguage":"pt-BR","@id":"https:\/\/totidiversidade.com.br\/blog\/#\/schema\/person\/image\/","url":"https:\/\/secure.gravatar.com\/avatar\/74253e3534ececebd2a347cb60a61a1ce269d9077a2a8ab85efc2d6527e087e4?s=96&d=mm&r=g","contentUrl":"https:\/\/secure.gravatar.com\/avatar\/74253e3534ececebd2a347cb60a61a1ce269d9077a2a8ab85efc2d6527e087e4?s=96&d=mm&r=g","caption":"devuser"},"sameAs":["https:\/\/blog.totidiversidade.com.br"],"url":"https:\/\/totidiversidade.com.br\/blog\/author\/devuser\/"}]}},"_links":{"self":[{"href":"https:\/\/totidiversidade.com.br\/blog\/wp-json\/wp\/v2\/posts\/7356","targetHints":{"allow":["GET"]}}],"collection":[{"href":"https:\/\/totidiversidade.com.br\/blog\/wp-json\/wp\/v2\/posts"}],"about":[{"href":"https:\/\/totidiversidade.com.br\/blog\/wp-json\/wp\/v2\/types\/post"}],"author":[{"embeddable":true,"href":"https:\/\/totidiversidade.com.br\/blog\/wp-json\/wp\/v2\/users\/1"}],"replies":[{"embeddable":true,"href":"https:\/\/totidiversidade.com.br\/blog\/wp-json\/wp\/v2\/comments?post=7356"}],"version-history":[{"count":8,"href":"https:\/\/totidiversidade.com.br\/blog\/wp-json\/wp\/v2\/posts\/7356\/revisions"}],"predecessor-version":[{"id":9062,"href":"https:\/\/totidiversidade.com.br\/blog\/wp-json\/wp\/v2\/posts\/7356\/revisions\/9062"}],"wp:featuredmedia":[{"embeddable":true,"href":"https:\/\/totidiversidade.com.br\/blog\/wp-json\/wp\/v2\/media\/7360"}],"wp:attachment":[{"href":"https:\/\/totidiversidade.com.br\/blog\/wp-json\/wp\/v2\/media?parent=7356"}],"wp:term":[{"taxonomy":"category","embeddable":true,"href":"https:\/\/totidiversidade.com.br\/blog\/wp-json\/wp\/v2\/categories?post=7356"},{"taxonomy":"post_tag","embeddable":true,"href":"https:\/\/totidiversidade.com.br\/blog\/wp-json\/wp\/v2\/tags?post=7356"}],"curies":[{"name":"wp","href":"https:\/\/api.w.org\/{rel}","templated":true}]}}