{"id":7363,"date":"2023-06-12T22:22:46","date_gmt":"2023-06-13T01:22:46","guid":{"rendered":"https:\/\/blog.totidiversidade.com.br\/ebook-comite-de-diversidade\/"},"modified":"2025-05-26T12:34:36","modified_gmt":"2025-05-26T15:34:36","slug":"ebook-comite-de-diversidade","status":"publish","type":"post","link":"https:\/\/totidiversidade.com.br\/blog\/ebook-comite-de-diversidade\/","title":{"rendered":"[E-book] Como estruturar um comit\u00ea de diversidade dentro da sua empresa &#8211; do b\u00e1sico ao avan\u00e7ado"},"content":{"rendered":"<div id=\"bsf_rt_marker\"><\/div>\t\t<div data-elementor-type=\"wp-post\" data-elementor-id=\"7363\" class=\"elementor elementor-7363\" data-elementor-post-type=\"post\">\n\t\t\t\t<div class=\"elementor-element elementor-element-11f1bb32 e-flex e-con-boxed e-con e-parent\" data-id=\"11f1bb32\" data-element_type=\"container\">\n\t\t\t\t\t<div class=\"e-con-inner\">\n\t\t\t\t<div class=\"elementor-element elementor-element-6ea496b4 elementor-widget elementor-widget-text-editor\" data-id=\"6ea496b4\" data-element_type=\"widget\" data-widget_type=\"text-editor.default\">\n\t\t\t\t<div class=\"elementor-widget-container\">\n\t\t\t\t\t\t\t\t\t<p><img fetchpriority=\"high\" decoding=\"async\" class=\"aligncenter wp-image-8176 size-large\" src=\"https:\/\/totidiversidade.com.br\/blog\/wp-content\/uploads\/2023\/06\/ebook-comite-de-diversidade-capa-1024x670.png\" alt=\"ivro e tablet exibindo a capa &quot;Como Estruturar um Comit\u00ea de Diversidade Dentro da Sua Empresa&quot;, com design em laranja e roxo, destacando a import\u00e2ncia da inclus\u00e3o e diversidade no ambiente corporativo.\" width=\"800\" height=\"523\" srcset=\"https:\/\/totidiversidade.com.br\/blog\/wp-content\/uploads\/2023\/06\/ebook-comite-de-diversidade-capa-1024x670.png 1024w, https:\/\/totidiversidade.com.br\/blog\/wp-content\/uploads\/2023\/06\/ebook-comite-de-diversidade-capa-300x196.png 300w, https:\/\/totidiversidade.com.br\/blog\/wp-content\/uploads\/2023\/06\/ebook-comite-de-diversidade-capa-768x502.png 768w, https:\/\/totidiversidade.com.br\/blog\/wp-content\/uploads\/2023\/06\/ebook-comite-de-diversidade-capa.png 1044w\" sizes=\"(max-width: 800px) 100vw, 800px\" \/><\/p>\n<p>N\u00f3s, da Toti, elaboramos este material para que voc\u00ea compreenda a import\u00e2ncia de debater o tema da diversidade dentro da sua empresa.<\/p>\n<div class=\"wp-block-column is-vertically-aligned-center\">\n<p><br \/>Al\u00e9m de trazer dicas de como estruturar um comit\u00ea e ressaltar os ganhos que ele trar\u00e1 para o seu time e para o seu neg\u00f3cio.<\/p>\n<h2>Baixe gratuitamente o seu ebook:<\/h2>\n<\/div>\n<!-- \/wp:columns --><!-- wp:wpforms\/form-selector {\"clientId\":\"9fa638e0-20bf-4ea9-b327-b1ceb1b98d48\",\"formId\":\"758\",\"fieldBorderRadius\":\"10px\",\"fieldTextColor\":\"#565757\",\"labelColor\":\"#565757\",\"labelErrorColor\":\"#e84f30\",\"buttonBorderRadius\":\"5px\",\"buttonBackgroundColor\":\"#e84f30\",\"copyPasteJsonValue\":\"{u0022displayTitleu0022:false,u0022displayDescu0022:false,u0022fieldSizeu0022:u0022mediumu0022,u0022fieldBorderRadiusu0022:u002210pxu0022,u0022fieldBackgroundColoru0022:u0022#ffffffu0022,u0022fieldBorderColoru0022:u0022rgba( 0, 0, 0, 0.25 )u0022,u0022fieldTextColoru0022:u0022#565757u0022,u0022labelSizeu0022:u0022mediumu0022,u0022labelColoru0022:u0022#565757u0022,u0022labelSublabelColoru0022:u0022rgba( 0, 0, 0, 0.55 )u0022,u0022labelErrorColoru0022:u0022#e84f30u0022,u0022buttonSizeu0022:u0022mediumu0022,u0022buttonBorderRadiusu0022:u00225pxu0022,u0022buttonBackgroundColoru0022:u0022#e84f30u0022,u0022buttonTextColoru0022:u0022#ffffffu0022}\"} \/-->\t\t\t\t\t\t\t\t<\/div>\n\t\t\t\t<\/div>\n\t\t\t\t\t<\/div>\n\t\t\t\t<\/div>\n\t\t<div class=\"elementor-element elementor-element-8f96059 e-flex e-con-boxed e-con e-parent\" data-id=\"8f96059\" data-element_type=\"container\">\n\t\t\t\t\t<div class=\"e-con-inner\">\n\t\t\t\t<div class=\"elementor-element elementor-element-167d1ea elementor-widget elementor-widget-html\" data-id=\"167d1ea\" data-element_type=\"widget\" data-widget_type=\"html.default\">\n\t\t\t\t<div class=\"elementor-widget-container\">\n\t\t\t\t\t<!-- Formul\u00e1rio -->\r\n<form action=\"https:\/\/paginas.rocks\/pages\/index\/613736\" method=\"post\" target='_blank'>\r\n  <input id=\"id\" name=\"id\" type=\"hidden\" value=\"613736\" \/>\r\n  <input id=\"mid\" name=\"mid\" type=\"hidden\" value=\"613736\" \/>\r\n  <input id=\"pid\" name=\"pid\" type=\"hidden\" value=\"21552638\" \/>\r\n  <input id=\"list_id\" name=\"list_id\" type=\"hidden\" value=\"613736\" \/>\r\n  <input id=\"provider\" name=\"provider\" type=\"hidden\" value=\"leadlovers\" \/>\r\n\r\n  <label for=\"name\">Nome:<\/label>\r\n  <input class=\"form-control form-ll\" id=\"name\" name=\"name\" placeholder=\"Seu nome\" type=\"text\" required\r\n         style=\"width: 100%; padding: 10px; margin-bottom: 10px; background-color: #dddddd; border: none; box-shadow: none; color: #565757;\" \/>\r\n\r\n  <label for=\"email\">E-mail:<\/label>\r\n  <input class=\"form-control form-ll\" id=\"email\" name=\"email\" placeholder=\"Seu e-mail\" type=\"email\" required\r\n         style=\"width: 100%; padding: 10px; margin-bottom: 10px; background-color: #dddddd; border: none; box-shadow: none; color: #565757;\" \/>\r\n\r\n  <label for=\"company\">Empresa:<\/label>\r\n  <input class=\"form-control form-ll\" id=\"company\" name=\"company\" placeholder=\"Nome da sua empresa\" type=\"text\" required\r\n         style=\"width: 100%; padding: 10px; margin-bottom: 10px; background-color: #dddddd; border: none; box-shadow: none; color: #565757;\" \/>\r\n\r\n  <label for=\"message\">Perfil do LinkedIn:<\/label>\r\n  <textarea class=\"form-control form-ll\" id=\"message\" name=\"message\" placeholder=\"Cole o link do seu perfil do LinkedIn\" maxlength=\"500\"\r\n         style=\"width: 100%; padding: 10px; height: 40px; background-color: #dddddd; border: none; box-shadow: none; resize: none; margin-bottom: 10px; color: #565757;\"><\/textarea>\r\n\r\n  <div class=\"checkbox-list\" data-required=\"true\">\r\n    <div class=\"checkbox\">\r\n      <label class=\"fixed\">\r\n        <input id=\"LGPDValidation\" name=\"LGPDValidation\" type=\"checkbox\" style=\"-webkit-appearance: auto !important;\" value=\"1\" required>\r\n        &nbsp;Permito receber comunica\u00e7\u00f5es da Toti atrav\u00e9s do meu e-mail.\r\n      <\/label>\r\n    <\/div>\r\n  <\/div>\r\n\r\n  <button class=\"btn btn-danger\" style=\"padding: 12px 45px; margin:15px 0 5px; background-color: rgba(232, 79, 48, 1); border-color: rgba(232, 79, 48, 1) !important; width: 100%; color: white; border: none; cursor: pointer; font-size: 18px;\">\r\n    _DOWNLOAD\r\n  <\/button>\r\n\r\n  <input type=\"hidden\" id=\"source\" name=\"source\" value=\"\" \/>\r\n  <img decoding=\"async\" src=\"https:\/\/llimages.com\/redirect\/redirect.aspx?A=V&p=21552638&m=613736\" style=\"display: none;\" \/>\r\n<\/form>\r\n\t\t\t\t<\/div>\n\t\t\t\t<\/div>\n\t\t\t\t\t<\/div>\n\t\t\t\t<\/div>\n\t\t\t\t<\/div>\n\t\t","protected":false},"excerpt":{"rendered":"<p>O comit\u00ea de diversidade transforma ideias em a\u00e7\u00f5es concretas. Veja como criar ou aperfei\u00e7oar o seu, incluindo t\u00f3picos como cultura e origem.<\/p>\n","protected":false},"author":1,"featured_media":8176,"comment_status":"closed","ping_status":"closed","sticky":false,"template":"","format":"standard","meta":{"footnotes":""},"categories":[14],"tags":[193],"class_list":["post-7363","post","type-post","status-publish","format-standard","has-post-thumbnail","hentry","category-materiais-gratuitos","tag-material-comite-diversidade"],"yoast_head":"<!-- This site is optimized with the Yoast SEO plugin v25.7 - https:\/\/yoast.com\/wordpress\/plugins\/seo\/ -->\n<title>[E-book] Como criar ou aperfei\u00e7oar um comit\u00ea de diversidade<\/title>\n<meta name=\"description\" content=\"O comit\u00ea de diversidade transforma ideias em a\u00e7\u00f5es concretas. Veja como criar ou aperfei\u00e7oar o seu, incluindo t\u00f3picos como cultura e origem.\" \/>\n<meta name=\"robots\" content=\"index, follow, max-snippet:-1, max-image-preview:large, max-video-preview:-1\" \/>\n<link rel=\"canonical\" href=\"https:\/\/totidiversidade.com.br\/blog\/ebook-comite-de-diversidade\/\" \/>\n<meta property=\"og:locale\" content=\"pt_BR\" \/>\n<meta property=\"og:type\" content=\"article\" \/>\n<meta property=\"og:title\" content=\"[E-book] Como criar ou aperfei\u00e7oar um comit\u00ea de diversidade\" \/>\n<meta property=\"og:description\" content=\"O comit\u00ea de diversidade transforma ideias em a\u00e7\u00f5es concretas. Veja como criar ou aperfei\u00e7oar o seu, incluindo t\u00f3picos como cultura e origem.\" \/>\n<meta property=\"og:url\" content=\"https:\/\/totidiversidade.com.br\/blog\/ebook-comite-de-diversidade\/\" \/>\n<meta property=\"og:site_name\" content=\"Blog Diversidade e ESG | Toti\" \/>\n<meta property=\"article:published_time\" content=\"2023-06-13T01:22:46+00:00\" \/>\n<meta property=\"article:modified_time\" content=\"2025-05-26T15:34:36+00:00\" \/>\n<meta name=\"author\" content=\"devuser\" \/>\n<meta name=\"twitter:card\" content=\"summary_large_image\" \/>\n<meta name=\"twitter:image\" content=\"https:\/\/totidiversidade.com.br\/blog\/wp-content\/uploads\/2023\/06\/ebook-comite-de-diversidade-capa.png\" \/>\n<meta name=\"twitter:label1\" content=\"Escrito por\" \/>\n\t<meta name=\"twitter:data1\" content=\"devuser\" \/>\n\t<meta name=\"twitter:label2\" content=\"Est. tempo de leitura\" \/>\n\t<meta name=\"twitter:data2\" content=\"1 minuto\" \/>\n<script type=\"application\/ld+json\" class=\"yoast-schema-graph\">{\"@context\":\"https:\/\/schema.org\",\"@graph\":[{\"@type\":\"WebPage\",\"@id\":\"https:\/\/totidiversidade.com.br\/blog\/ebook-comite-de-diversidade\/\",\"url\":\"https:\/\/totidiversidade.com.br\/blog\/ebook-comite-de-diversidade\/\",\"name\":\"[E-book] Como criar ou aperfei\u00e7oar um comit\u00ea de diversidade\",\"isPartOf\":{\"@id\":\"https:\/\/totidiversidade.com.br\/blog\/#website\"},\"primaryImageOfPage\":{\"@id\":\"https:\/\/totidiversidade.com.br\/blog\/ebook-comite-de-diversidade\/#primaryimage\"},\"image\":{\"@id\":\"https:\/\/totidiversidade.com.br\/blog\/ebook-comite-de-diversidade\/#primaryimage\"},\"thumbnailUrl\":\"https:\/\/totidiversidade.com.br\/blog\/wp-content\/uploads\/2023\/06\/ebook-comite-de-diversidade-capa.png\",\"datePublished\":\"2023-06-13T01:22:46+00:00\",\"dateModified\":\"2025-05-26T15:34:36+00:00\",\"author\":{\"@id\":\"https:\/\/totidiversidade.com.br\/blog\/#\/schema\/person\/017720ddde8fe164d3869aa20cee5343\"},\"description\":\"O comit\u00ea de diversidade transforma ideias em a\u00e7\u00f5es concretas. Veja como criar ou aperfei\u00e7oar o seu, incluindo t\u00f3picos como cultura e origem.\",\"breadcrumb\":{\"@id\":\"https:\/\/totidiversidade.com.br\/blog\/ebook-comite-de-diversidade\/#breadcrumb\"},\"inLanguage\":\"pt-BR\",\"potentialAction\":[{\"@type\":\"ReadAction\",\"target\":[\"https:\/\/totidiversidade.com.br\/blog\/ebook-comite-de-diversidade\/\"]}]},{\"@type\":\"ImageObject\",\"inLanguage\":\"pt-BR\",\"@id\":\"https:\/\/totidiversidade.com.br\/blog\/ebook-comite-de-diversidade\/#primaryimage\",\"url\":\"https:\/\/totidiversidade.com.br\/blog\/wp-content\/uploads\/2023\/06\/ebook-comite-de-diversidade-capa.png\",\"contentUrl\":\"https:\/\/totidiversidade.com.br\/blog\/wp-content\/uploads\/2023\/06\/ebook-comite-de-diversidade-capa.png\",\"width\":1044,\"height\":683,\"caption\":\"ivro e tablet exibindo a capa \\\"Como Estruturar um Comit\u00ea de Diversidade Dentro da Sua Empresa\\\", com design em laranja e roxo, destacando a import\u00e2ncia da inclus\u00e3o e diversidade no ambiente corporativo.\"},{\"@type\":\"BreadcrumbList\",\"@id\":\"https:\/\/totidiversidade.com.br\/blog\/ebook-comite-de-diversidade\/#breadcrumb\",\"itemListElement\":[{\"@type\":\"ListItem\",\"position\":1,\"name\":\"In\u00edcio\",\"item\":\"https:\/\/totidiversidade.com.br\/blog\/\"},{\"@type\":\"ListItem\",\"position\":2,\"name\":\"[E-book] Como estruturar um comit\u00ea de diversidade dentro da sua empresa &#8211; do b\u00e1sico ao avan\u00e7ado\"}]},{\"@type\":\"WebSite\",\"@id\":\"https:\/\/totidiversidade.com.br\/blog\/#website\",\"url\":\"https:\/\/totidiversidade.com.br\/blog\/\",\"name\":\"Blog Toti Diversidade\",\"description\":\"Leia no blog da TOTI sobre diversidade, ESG e inclus\u00e3o de refugiados no mercado de tecnologia. Conte\u00fado que transforma empresas e vidas.\",\"alternateName\":\"Blog Toti\",\"potentialAction\":[{\"@type\":\"SearchAction\",\"target\":{\"@type\":\"EntryPoint\",\"urlTemplate\":\"https:\/\/totidiversidade.com.br\/blog\/?s={search_term_string}\"},\"query-input\":{\"@type\":\"PropertyValueSpecification\",\"valueRequired\":true,\"valueName\":\"search_term_string\"}}],\"inLanguage\":\"pt-BR\"},{\"@type\":\"Person\",\"@id\":\"https:\/\/totidiversidade.com.br\/blog\/#\/schema\/person\/017720ddde8fe164d3869aa20cee5343\",\"name\":\"devuser\",\"image\":{\"@type\":\"ImageObject\",\"inLanguage\":\"pt-BR\",\"@id\":\"https:\/\/totidiversidade.com.br\/blog\/#\/schema\/person\/image\/\",\"url\":\"https:\/\/secure.gravatar.com\/avatar\/74253e3534ececebd2a347cb60a61a1ce269d9077a2a8ab85efc2d6527e087e4?s=96&d=mm&r=g\",\"contentUrl\":\"https:\/\/secure.gravatar.com\/avatar\/74253e3534ececebd2a347cb60a61a1ce269d9077a2a8ab85efc2d6527e087e4?s=96&d=mm&r=g\",\"caption\":\"devuser\"},\"sameAs\":[\"https:\/\/blog.totidiversidade.com.br\"],\"url\":\"https:\/\/totidiversidade.com.br\/blog\/author\/devuser\/\"}]}<\/script>\n<!-- \/ Yoast SEO plugin. -->","yoast_head_json":{"title":"[E-book] Como criar ou aperfei\u00e7oar um comit\u00ea de diversidade","description":"O comit\u00ea de diversidade transforma ideias em a\u00e7\u00f5es concretas. Veja como criar ou aperfei\u00e7oar o seu, incluindo t\u00f3picos como cultura e origem.","robots":{"index":"index","follow":"follow","max-snippet":"max-snippet:-1","max-image-preview":"max-image-preview:large","max-video-preview":"max-video-preview:-1"},"canonical":"https:\/\/totidiversidade.com.br\/blog\/ebook-comite-de-diversidade\/","og_locale":"pt_BR","og_type":"article","og_title":"[E-book] Como criar ou aperfei\u00e7oar um comit\u00ea de diversidade","og_description":"O comit\u00ea de diversidade transforma ideias em a\u00e7\u00f5es concretas. Veja como criar ou aperfei\u00e7oar o seu, incluindo t\u00f3picos como cultura e origem.","og_url":"https:\/\/totidiversidade.com.br\/blog\/ebook-comite-de-diversidade\/","og_site_name":"Blog Diversidade e ESG | Toti","article_published_time":"2023-06-13T01:22:46+00:00","article_modified_time":"2025-05-26T15:34:36+00:00","author":"devuser","twitter_card":"summary_large_image","twitter_image":"https:\/\/totidiversidade.com.br\/blog\/wp-content\/uploads\/2023\/06\/ebook-comite-de-diversidade-capa.png","twitter_misc":{"Escrito por":"devuser","Est. tempo de leitura":"1 minuto"},"schema":{"@context":"https:\/\/schema.org","@graph":[{"@type":"WebPage","@id":"https:\/\/totidiversidade.com.br\/blog\/ebook-comite-de-diversidade\/","url":"https:\/\/totidiversidade.com.br\/blog\/ebook-comite-de-diversidade\/","name":"[E-book] Como criar ou aperfei\u00e7oar um comit\u00ea de diversidade","isPartOf":{"@id":"https:\/\/totidiversidade.com.br\/blog\/#website"},"primaryImageOfPage":{"@id":"https:\/\/totidiversidade.com.br\/blog\/ebook-comite-de-diversidade\/#primaryimage"},"image":{"@id":"https:\/\/totidiversidade.com.br\/blog\/ebook-comite-de-diversidade\/#primaryimage"},"thumbnailUrl":"https:\/\/totidiversidade.com.br\/blog\/wp-content\/uploads\/2023\/06\/ebook-comite-de-diversidade-capa.png","datePublished":"2023-06-13T01:22:46+00:00","dateModified":"2025-05-26T15:34:36+00:00","author":{"@id":"https:\/\/totidiversidade.com.br\/blog\/#\/schema\/person\/017720ddde8fe164d3869aa20cee5343"},"description":"O comit\u00ea de diversidade transforma ideias em a\u00e7\u00f5es concretas. Veja como criar ou aperfei\u00e7oar o seu, incluindo t\u00f3picos como cultura e origem.","breadcrumb":{"@id":"https:\/\/totidiversidade.com.br\/blog\/ebook-comite-de-diversidade\/#breadcrumb"},"inLanguage":"pt-BR","potentialAction":[{"@type":"ReadAction","target":["https:\/\/totidiversidade.com.br\/blog\/ebook-comite-de-diversidade\/"]}]},{"@type":"ImageObject","inLanguage":"pt-BR","@id":"https:\/\/totidiversidade.com.br\/blog\/ebook-comite-de-diversidade\/#primaryimage","url":"https:\/\/totidiversidade.com.br\/blog\/wp-content\/uploads\/2023\/06\/ebook-comite-de-diversidade-capa.png","contentUrl":"https:\/\/totidiversidade.com.br\/blog\/wp-content\/uploads\/2023\/06\/ebook-comite-de-diversidade-capa.png","width":1044,"height":683,"caption":"ivro e tablet exibindo a capa \"Como Estruturar um Comit\u00ea de Diversidade Dentro da Sua Empresa\", com design em laranja e roxo, destacando a import\u00e2ncia da inclus\u00e3o e diversidade no ambiente corporativo."},{"@type":"BreadcrumbList","@id":"https:\/\/totidiversidade.com.br\/blog\/ebook-comite-de-diversidade\/#breadcrumb","itemListElement":[{"@type":"ListItem","position":1,"name":"In\u00edcio","item":"https:\/\/totidiversidade.com.br\/blog\/"},{"@type":"ListItem","position":2,"name":"[E-book] Como estruturar um comit\u00ea de diversidade dentro da sua empresa &#8211; do b\u00e1sico ao avan\u00e7ado"}]},{"@type":"WebSite","@id":"https:\/\/totidiversidade.com.br\/blog\/#website","url":"https:\/\/totidiversidade.com.br\/blog\/","name":"Blog Toti Diversidade","description":"Leia no blog da TOTI sobre diversidade, ESG e inclus\u00e3o de refugiados no mercado de tecnologia. Conte\u00fado que transforma empresas e vidas.","alternateName":"Blog Toti","potentialAction":[{"@type":"SearchAction","target":{"@type":"EntryPoint","urlTemplate":"https:\/\/totidiversidade.com.br\/blog\/?s={search_term_string}"},"query-input":{"@type":"PropertyValueSpecification","valueRequired":true,"valueName":"search_term_string"}}],"inLanguage":"pt-BR"},{"@type":"Person","@id":"https:\/\/totidiversidade.com.br\/blog\/#\/schema\/person\/017720ddde8fe164d3869aa20cee5343","name":"devuser","image":{"@type":"ImageObject","inLanguage":"pt-BR","@id":"https:\/\/totidiversidade.com.br\/blog\/#\/schema\/person\/image\/","url":"https:\/\/secure.gravatar.com\/avatar\/74253e3534ececebd2a347cb60a61a1ce269d9077a2a8ab85efc2d6527e087e4?s=96&d=mm&r=g","contentUrl":"https:\/\/secure.gravatar.com\/avatar\/74253e3534ececebd2a347cb60a61a1ce269d9077a2a8ab85efc2d6527e087e4?s=96&d=mm&r=g","caption":"devuser"},"sameAs":["https:\/\/blog.totidiversidade.com.br"],"url":"https:\/\/totidiversidade.com.br\/blog\/author\/devuser\/"}]}},"_links":{"self":[{"href":"https:\/\/totidiversidade.com.br\/blog\/wp-json\/wp\/v2\/posts\/7363","targetHints":{"allow":["GET"]}}],"collection":[{"href":"https:\/\/totidiversidade.com.br\/blog\/wp-json\/wp\/v2\/posts"}],"about":[{"href":"https:\/\/totidiversidade.com.br\/blog\/wp-json\/wp\/v2\/types\/post"}],"author":[{"embeddable":true,"href":"https:\/\/totidiversidade.com.br\/blog\/wp-json\/wp\/v2\/users\/1"}],"replies":[{"embeddable":true,"href":"https:\/\/totidiversidade.com.br\/blog\/wp-json\/wp\/v2\/comments?post=7363"}],"version-history":[{"count":10,"href":"https:\/\/totidiversidade.com.br\/blog\/wp-json\/wp\/v2\/posts\/7363\/revisions"}],"predecessor-version":[{"id":8179,"href":"https:\/\/totidiversidade.com.br\/blog\/wp-json\/wp\/v2\/posts\/7363\/revisions\/8179"}],"wp:featuredmedia":[{"embeddable":true,"href":"https:\/\/totidiversidade.com.br\/blog\/wp-json\/wp\/v2\/media\/8176"}],"wp:attachment":[{"href":"https:\/\/totidiversidade.com.br\/blog\/wp-json\/wp\/v2\/media?parent=7363"}],"wp:term":[{"taxonomy":"category","embeddable":true,"href":"https:\/\/totidiversidade.com.br\/blog\/wp-json\/wp\/v2\/categories?post=7363"},{"taxonomy":"post_tag","embeddable":true,"href":"https:\/\/totidiversidade.com.br\/blog\/wp-json\/wp\/v2\/tags?post=7363"}],"curies":[{"name":"wp","href":"https:\/\/api.w.org\/{rel}","templated":true}]}}