{"id":7398,"date":"2023-09-05T13:00:00","date_gmt":"2023-09-05T16:00:00","guid":{"rendered":"https:\/\/blog.totidiversidade.com.br\/cartilha-para-integracao-de-refugiados-e-migrantes\/"},"modified":"2025-05-26T12:34:35","modified_gmt":"2025-05-26T15:34:35","slug":"cartilha-para-integracao-de-refugiados-e-migrantes","status":"publish","type":"post","link":"https:\/\/totidiversidade.com.br\/blog\/cartilha-para-integracao-de-refugiados-e-migrantes\/","title":{"rendered":"[Cartilha] Guia para integra\u00e7\u00e3o de refugiados e migrantes no mercado de trabalho"},"content":{"rendered":"<div id=\"bsf_rt_marker\"><\/div>\t\t<div data-elementor-type=\"wp-post\" data-elementor-id=\"7398\" class=\"elementor elementor-7398\" data-elementor-post-type=\"post\">\n\t\t\t\t<div class=\"elementor-element elementor-element-4c601e7c e-flex e-con-boxed e-con e-parent\" data-id=\"4c601e7c\" data-element_type=\"container\">\n\t\t\t\t\t<div class=\"e-con-inner\">\n\t\t\t\t<div class=\"elementor-element elementor-element-5f0e020f elementor-widget elementor-widget-text-editor\" data-id=\"5f0e020f\" data-element_type=\"widget\" data-widget_type=\"text-editor.default\">\n\t\t\t\t<div class=\"elementor-widget-container\">\n\t\t\t\t\t\t\t\t\t\n<p><img fetchpriority=\"high\" decoding=\"async\" class=\"aligncenter wp-image-8153 size-large\" src=\"https:\/\/totidiversidade.com.br\/blog\/wp-content\/uploads\/2023\/09\/Capa-cartilha-para-integracao-de-refugiados-e-migrantes-1024x670.png\" alt=\"A imagem apresenta um folheto da Toti sobre integra\u00e7\u00e3o de refugiados e migrantes no ambiente de trabalho. O painel central destaca o t\u00edtulo &quot;Guia para Integrar Pessoas Refugiadas e Migrantes no Ambiente de Trabalho&quot; e uma pergunta sobre como as empresas podem ser mais inclusivas. Inclui tamb\u00e9m a foto de um homem sorridente trabalhando em um laptop, ilustrando o tema do guia.\" width=\"800\" height=\"523\" srcset=\"https:\/\/totidiversidade.com.br\/blog\/wp-content\/uploads\/2023\/09\/Capa-cartilha-para-integracao-de-refugiados-e-migrantes-1024x670.png 1024w, https:\/\/totidiversidade.com.br\/blog\/wp-content\/uploads\/2023\/09\/Capa-cartilha-para-integracao-de-refugiados-e-migrantes-300x196.png 300w, https:\/\/totidiversidade.com.br\/blog\/wp-content\/uploads\/2023\/09\/Capa-cartilha-para-integracao-de-refugiados-e-migrantes-768x502.png 768w, https:\/\/totidiversidade.com.br\/blog\/wp-content\/uploads\/2023\/09\/Capa-cartilha-para-integracao-de-refugiados-e-migrantes.png 1044w\" sizes=\"(max-width: 800px) 100vw, 800px\" \/><br \/>Todos os anos, o Brasil recebe milhares de pessoas em busca de ref\u00fagio e melhor qualidade de vida.\u00a0<\/p>\n\n<p>Al\u00e9m de ser uma responsabilidade social, a integra\u00e7\u00e3o de refugiados e migrantes no mercado de trabalho promove mais inova\u00e7\u00e3o, uma vez que trazem consigo conhecimentos adquiridos em diversas culturas.\u00a0\u00a0\u00a0<\/p>\n\n<p>Por isso, a Toti preparou um guia para que as <strong><em>empresas possam proporcionar <\/em><\/strong>um <strong><em>ambiente de trabalho inclusivo<\/em><\/strong> para essas pessoas.\u00a0<\/p>\n<h2>Preencha o formul\u00e1rio abaixo para receber a cartilha de forma gratuita:<\/h2>\n\t\t\t\t\t\t\t\t<\/div>\n\t\t\t\t<\/div>\n\t\t\t\t\t<\/div>\n\t\t\t\t<\/div>\n\t\t<div class=\"elementor-element elementor-element-28d9087 e-flex e-con-boxed e-con e-parent\" data-id=\"28d9087\" data-element_type=\"container\">\n\t\t\t\t\t<div class=\"e-con-inner\">\n\t\t\t\t<div class=\"elementor-element elementor-element-cf2f10d elementor-button-align-stretch elementor-widget elementor-widget-form\" data-id=\"cf2f10d\" data-element_type=\"widget\" data-settings=\"{&quot;step_next_label&quot;:&quot;Pr\\u00f3ximo&quot;,&quot;step_previous_label&quot;:&quot;Anterior&quot;,&quot;button_width&quot;:&quot;100&quot;,&quot;step_type&quot;:&quot;number_text&quot;,&quot;step_icon_shape&quot;:&quot;circle&quot;}\" data-widget_type=\"form.default\">\n\t\t\t\t<div class=\"elementor-widget-container\">\n\t\t\t\t\t\t\t<form class=\"elementor-form\" method=\"post\" name=\"Cartilha Integra\u00e7\u00e3o\" aria-label=\"Cartilha Integra\u00e7\u00e3o\">\n\t\t\t<input type=\"hidden\" name=\"post_id\" value=\"7398\"\/>\n\t\t\t<input type=\"hidden\" name=\"form_id\" value=\"cf2f10d\"\/>\n\t\t\t<input type=\"hidden\" name=\"referer_title\" value=\"Blog Diversidade e ESG | Toti\" \/>\n\n\t\t\t\n\t\t\t<div class=\"elementor-form-fields-wrapper elementor-labels-above\">\n\t\t\t\t\t\t\t\t<div class=\"elementor-field-type-hidden elementor-field-group elementor-column elementor-field-group-field_e110021 elementor-col-100\">\n\t\t\t\t\t\t\t\t\t\t\t\t\t<input size=\"1\" type=\"hidden\" name=\"form_fields[field_e110021]\" id=\"form-field-field_e110021\" class=\"elementor-field elementor-size-sm  elementor-field-textual\" value=\"01\/05\/2026\">\n\t\t\t\t\t\t\t\t\t\t\t<\/div>\n\t\t\t\t\t\t\t\t<div class=\"elementor-field-type-text elementor-field-group elementor-column elementor-field-group-name elementor-col-100 elementor-field-required\">\n\t\t\t\t\t\t\t\t\t\t\t\t<label for=\"form-field-name\" class=\"elementor-field-label\">\n\t\t\t\t\t\t\t\tNome\t\t\t\t\t\t\t<\/label>\n\t\t\t\t\t\t\t\t\t\t\t\t\t\t<input size=\"1\" type=\"text\" name=\"form_fields[name]\" id=\"form-field-name\" class=\"elementor-field elementor-size-sm  elementor-field-textual\" placeholder=\"Seu nome\" required=\"required\">\n\t\t\t\t\t\t\t\t\t\t\t<\/div>\n\t\t\t\t\t\t\t\t<div class=\"elementor-field-type-email elementor-field-group elementor-column elementor-field-group-email elementor-col-100 elementor-field-required\">\n\t\t\t\t\t\t\t\t\t\t\t\t<label for=\"form-field-email\" class=\"elementor-field-label\">\n\t\t\t\t\t\t\t\tE-mail corporativo\t\t\t\t\t\t\t<\/label>\n\t\t\t\t\t\t\t\t\t\t\t\t\t\t<input size=\"1\" type=\"email\" name=\"form_fields[email]\" id=\"form-field-email\" class=\"elementor-field elementor-size-sm  elementor-field-textual\" placeholder=\"Seu e-mail corporativo\" required=\"required\">\n\t\t\t\t\t\t\t\t\t\t\t<\/div>\n\t\t\t\t\t\t\t\t<div class=\"elementor-field-type-text elementor-field-group elementor-column elementor-field-group-field_0c8fe42 elementor-col-100 elementor-field-required\">\n\t\t\t\t\t\t\t\t\t\t\t\t<label for=\"form-field-field_0c8fe42\" class=\"elementor-field-label\">\n\t\t\t\t\t\t\t\tEmpresa\t\t\t\t\t\t\t<\/label>\n\t\t\t\t\t\t\t\t\t\t\t\t\t\t<input size=\"1\" type=\"text\" name=\"form_fields[field_0c8fe42]\" id=\"form-field-field_0c8fe42\" class=\"elementor-field elementor-size-sm  elementor-field-textual\" placeholder=\"Nome da sua empresa\" required=\"required\">\n\t\t\t\t\t\t\t\t\t\t\t<\/div>\n\t\t\t\t\t\t\t\t<div class=\"elementor-field-type-url elementor-field-group elementor-column elementor-field-group-message elementor-col-100\">\n\t\t\t\t\t\t\t\t\t\t\t\t<label for=\"form-field-message\" class=\"elementor-field-label\">\n\t\t\t\t\t\t\t\tPerfil do LinkedIn\t\t\t\t\t\t\t<\/label>\n\t\t\t\t\t\t\t\t\t\t\t\t\t\t<input size=\"1\" type=\"url\" name=\"form_fields[message]\" id=\"form-field-message\" class=\"elementor-field elementor-size-sm  elementor-field-textual\" placeholder=\"Cole o link do seu perfil do LinkedIn\">\n\t\t\t\t\t\t\t\t\t\t\t<\/div>\n\t\t\t\t\t\t\t\t<div class=\"elementor-field-type-hidden elementor-field-group elementor-column elementor-field-group-field_dc39365 elementor-col-100\">\n\t\t\t\t\t\t\t\t\t\t\t\t\t<input size=\"1\" type=\"hidden\" name=\"form_fields[field_dc39365]\" id=\"form-field-field_dc39365\" class=\"elementor-field elementor-size-sm  elementor-field-textual\" value=\"Origem-Blog-ESG\">\n\t\t\t\t\t\t\t\t\t\t\t<\/div>\n\t\t\t\t\t\t\t\t<div class=\"elementor-field-type-hidden elementor-field-group elementor-column elementor-field-group-field_229bdbe elementor-col-100\">\n\t\t\t\t\t\t\t\t\t\t\t\t\t<input size=\"1\" type=\"hidden\" name=\"form_fields[field_229bdbe]\" id=\"form-field-field_229bdbe\" class=\"elementor-field elementor-size-sm  elementor-field-textual\" value=\"Cartilha-Integracao\">\n\t\t\t\t\t\t\t\t\t\t\t<\/div>\n\t\t\t\t\t\t\t\t<div class=\"elementor-field-type-acceptance elementor-field-group elementor-column elementor-field-group-field_1ff98fc elementor-col-100 elementor-field-required\">\n\t\t\t\t\t\t\t<div class=\"elementor-field-subgroup\">\n\t\t\t<span class=\"elementor-field-option\">\n\t\t\t\t<input type=\"checkbox\" name=\"form_fields[field_1ff98fc]\" id=\"form-field-field_1ff98fc\" class=\"elementor-field elementor-size-sm  elementor-acceptance-field\" required=\"required\">\n\t\t\t\t<label for=\"form-field-field_1ff98fc\">Permito receber comunica\u00e7\u00f5es da Toti atrav\u00e9s do meu e-mail.<\/label>\t\t\t<\/span>\n\t\t<\/div>\n\t\t\t\t\t\t<\/div>\n\t\t\t\t\t\t\t\t<div class=\"elementor-field-type-recaptcha_v3 elementor-field-group elementor-column elementor-field-group-field_e29aa3b elementor-col-100 recaptcha_v3-bottomright\">\n\t\t\t\t\t<div class=\"elementor-field\" id=\"form-field-field_e29aa3b\"><div class=\"elementor-g-recaptcha\" data-sitekey=\"6Ld-nxcqAAAAAAixYPm6hAX69HIIOlDxELinsJcG\" data-type=\"v3\" data-action=\"Form\" data-badge=\"bottomright\" data-size=\"invisible\"><\/div><\/div>\t\t\t\t<\/div>\n\t\t\t\t\t\t\t\t<div class=\"elementor-field-type-hidden elementor-field-group elementor-column elementor-field-group-field_36438f9 elementor-col-100\">\n\t\t\t\t\t\t\t\t\t\t\t\t\t<input size=\"1\" type=\"hidden\" name=\"form_fields[field_36438f9]\" id=\"form-field-field_36438f9\" class=\"elementor-field elementor-size-sm  elementor-field-textual\" value=\"cartilha_integracao\">\n\t\t\t\t\t\t\t\t\t\t\t<\/div>\n\t\t\t\t\t\t\t\t<div class=\"elementor-field-group elementor-column elementor-field-type-submit elementor-col-100 e-form__buttons\">\n\t\t\t\t\t<button class=\"elementor-button elementor-size-md\" type=\"submit\">\n\t\t\t\t\t\t<span class=\"elementor-button-content-wrapper\">\n\t\t\t\t\t\t\t\t\t\t\t\t\t\t\t\t\t\t\t\t\t\t<span class=\"elementor-button-text\">_ DOWNLOAD<\/span>\n\t\t\t\t\t\t\t\t\t\t\t\t\t<\/span>\n\t\t\t\t\t<\/button>\n\t\t\t\t<\/div>\n\t\t\t<\/div>\n\t\t<\/form>\n\t\t\t\t\t\t<\/div>\n\t\t\t\t<\/div>\n\t\t\t\t<div class=\"elementor-element elementor-element-a24e777 elementor-hidden-desktop elementor-hidden-tablet elementor-hidden-mobile elementor-widget elementor-widget-html\" data-id=\"a24e777\" data-element_type=\"widget\" data-widget_type=\"html.default\">\n\t\t\t\t<div class=\"elementor-widget-container\">\n\t\t\t\t\t<!-- Formul\u00e1rio -->\r\n<form action=\"https:\/\/paginas.rocks\/pages\/index\/613736\" method=\"post\" target='_blank'>\r\n  <input id=\"id\" name=\"id\" type=\"hidden\" value=\"613736\" \/>\r\n  <input id=\"mid\" name=\"mid\" type=\"hidden\" value=\"613736\" \/>\r\n  <input id=\"pid\" name=\"pid\" type=\"hidden\" value=\"21874955\" \/>\r\n  <input id=\"list_id\" name=\"list_id\" type=\"hidden\" value=\"613736\" \/>\r\n  <input id=\"provider\" name=\"provider\" type=\"hidden\" value=\"leadlovers\" \/>\r\n\r\n  <label for=\"name\">Nome:<\/label>\r\n  <input class=\"form-control form-ll\" id=\"name\" name=\"name\" placeholder=\"Seu nome\" type=\"text\" required\r\n         style=\"width: 100%; padding: 10px; margin-bottom: 10px; background-color: #dddddd; border: none; box-shadow: none; color: #565757;\" \/>\r\n\r\n  <label for=\"email\">E-mail:<\/label>\r\n  <input class=\"form-control form-ll\" id=\"email\" name=\"email\" placeholder=\"Seu e-mail\" type=\"email\" required\r\n         style=\"width: 100%; padding: 10px; margin-bottom: 10px; background-color: #dddddd; border: none; box-shadow: none; color: #565757;\" \/>\r\n\r\n  <label for=\"company\">Empresa:<\/label>\r\n  <input class=\"form-control form-ll\" id=\"company\" name=\"company\" placeholder=\"Nome da sua empresa\" type=\"text\" required\r\n         style=\"width: 100%; padding: 10px; margin-bottom: 10px; background-color: #dddddd; border: none; box-shadow: none; color: #565757;\" \/>\r\n\r\n  <label for=\"message\">Perfil do LinkedIn:<\/label>\r\n  <textarea class=\"form-control form-ll\" id=\"message\" name=\"message\" placeholder=\"Cole o link do seu perfil do LinkedIn\" maxlength=\"500\"\r\n         style=\"width: 100%; padding: 10px; height: 40px; background-color: #dddddd; border: none; box-shadow: none; resize: none; margin-bottom: 10px; color: #565757;\"><\/textarea>\r\n\r\n  <div class=\"checkbox-list\" data-required=\"true\">\r\n    <div class=\"checkbox\">\r\n      <label class=\"fixed\">\r\n        <input id=\"LGPDValidation\" name=\"LGPDValidation\" type=\"checkbox\" style=\"-webkit-appearance: auto !important;\" value=\"1\" required>\r\n        &nbsp;Permito receber comunica\u00e7\u00f5es da Toti atrav\u00e9s do meu e-mail.\r\n      <\/label>\r\n    <\/div>\r\n  <\/div>\r\n\r\n  <button class=\"btn btn-danger\" style=\"padding: 12px 45px; margin:15px 0 5px; background-color: rgba(232, 79, 48, 1); border-color: rgba(232, 79, 48, 1) !important; width: 100%; color: white; border: none; cursor: pointer; font-size: 18px;\">\r\n    _DOWNLOAD\r\n  <\/button>\r\n\r\n  <input type=\"hidden\" id=\"source\" name=\"source\" value=\"\" \/>\r\n  <img decoding=\"async\" src=\"https:\/\/llimages.com\/redirect\/redirect.aspx?A=V&p=21874955&m=613736\" style=\"display: none;\" \/>\r\n<\/form>\r\n\t\t\t\t<\/div>\n\t\t\t\t<\/div>\n\t\t\t\t\t<\/div>\n\t\t\t\t<\/div>\n\t\t\t\t<\/div>\n\t\t","protected":false},"excerpt":{"rendered":"<p>Veja a\u00e7\u00f5es que podem ser tomadas pelas empresas para deixar o ambiente de trabalho mais inclusivo para pessoas refugiadas e migrantes.<\/p>\n","protected":false},"author":1,"featured_media":8153,"comment_status":"closed","ping_status":"closed","sticky":false,"template":"","format":"standard","meta":{"footnotes":""},"categories":[13,14],"tags":[182],"class_list":["post-7398","post","type-post","status-publish","format-standard","has-post-thumbnail","hentry","category-gestao-de-talentos","category-materiais-gratuitos","tag-banner-lateral-banco-de-diversidade"],"yoast_head":"<!-- This site is optimized with the Yoast SEO plugin v25.7 - https:\/\/yoast.com\/wordpress\/plugins\/seo\/ -->\n<title>Cartilha para integra\u00e7\u00e3o de refugiados e migrantes no trabalho<\/title>\n<meta name=\"description\" content=\"Dicas para a integra\u00e7\u00e3o de refugiados e migrantes no mercado de trabalho. Descubra como as empresas podem deixar o ambiente mais inclusivo.\" \/>\n<meta name=\"robots\" content=\"index, follow, max-snippet:-1, max-image-preview:large, max-video-preview:-1\" \/>\n<link rel=\"canonical\" href=\"https:\/\/totidiversidade.com.br\/blog\/cartilha-para-integracao-de-refugiados-e-migrantes\/\" \/>\n<meta property=\"og:locale\" content=\"pt_BR\" \/>\n<meta property=\"og:type\" content=\"article\" \/>\n<meta property=\"og:title\" content=\"Cartilha para integra\u00e7\u00e3o de refugiados e migrantes no trabalho\" \/>\n<meta property=\"og:description\" content=\"Dicas para a integra\u00e7\u00e3o de refugiados e migrantes no mercado de trabalho. Veja como as empresas podem deixar o ambiente mais inclusivo.\" \/>\n<meta property=\"og:url\" content=\"https:\/\/totidiversidade.com.br\/blog\/cartilha-para-integracao-de-refugiados-e-migrantes\/\" \/>\n<meta property=\"og:site_name\" content=\"Blog Diversidade e ESG | Toti\" \/>\n<meta property=\"article:published_time\" content=\"2023-09-05T16:00:00+00:00\" \/>\n<meta property=\"article:modified_time\" content=\"2025-05-26T15:34:35+00:00\" \/>\n<meta name=\"author\" content=\"devuser\" \/>\n<meta name=\"twitter:card\" content=\"summary_large_image\" \/>\n<meta name=\"twitter:image\" content=\"https:\/\/totidiversidade.com.br\/blog\/wp-content\/uploads\/2023\/09\/Capa-cartilha-para-integracao-de-refugiados-e-migrantes.png\" \/>\n<meta name=\"twitter:label1\" content=\"Escrito por\" \/>\n\t<meta name=\"twitter:data1\" content=\"devuser\" \/>\n\t<meta name=\"twitter:label2\" content=\"Est. tempo de leitura\" \/>\n\t<meta name=\"twitter:data2\" content=\"1 minuto\" \/>\n<script type=\"application\/ld+json\" class=\"yoast-schema-graph\">{\"@context\":\"https:\/\/schema.org\",\"@graph\":[{\"@type\":\"WebPage\",\"@id\":\"https:\/\/totidiversidade.com.br\/blog\/cartilha-para-integracao-de-refugiados-e-migrantes\/\",\"url\":\"https:\/\/totidiversidade.com.br\/blog\/cartilha-para-integracao-de-refugiados-e-migrantes\/\",\"name\":\"Cartilha para integra\u00e7\u00e3o de refugiados e migrantes no trabalho\",\"isPartOf\":{\"@id\":\"https:\/\/totidiversidade.com.br\/blog\/#website\"},\"primaryImageOfPage\":{\"@id\":\"https:\/\/totidiversidade.com.br\/blog\/cartilha-para-integracao-de-refugiados-e-migrantes\/#primaryimage\"},\"image\":{\"@id\":\"https:\/\/totidiversidade.com.br\/blog\/cartilha-para-integracao-de-refugiados-e-migrantes\/#primaryimage\"},\"thumbnailUrl\":\"https:\/\/totidiversidade.com.br\/blog\/wp-content\/uploads\/2023\/09\/Capa-cartilha-para-integracao-de-refugiados-e-migrantes.png\",\"datePublished\":\"2023-09-05T16:00:00+00:00\",\"dateModified\":\"2025-05-26T15:34:35+00:00\",\"author\":{\"@id\":\"https:\/\/totidiversidade.com.br\/blog\/#\/schema\/person\/017720ddde8fe164d3869aa20cee5343\"},\"description\":\"Dicas para a integra\u00e7\u00e3o de refugiados e migrantes no mercado de trabalho. Descubra como as empresas podem deixar o ambiente mais inclusivo.\",\"breadcrumb\":{\"@id\":\"https:\/\/totidiversidade.com.br\/blog\/cartilha-para-integracao-de-refugiados-e-migrantes\/#breadcrumb\"},\"inLanguage\":\"pt-BR\",\"potentialAction\":[{\"@type\":\"ReadAction\",\"target\":[\"https:\/\/totidiversidade.com.br\/blog\/cartilha-para-integracao-de-refugiados-e-migrantes\/\"]}]},{\"@type\":\"ImageObject\",\"inLanguage\":\"pt-BR\",\"@id\":\"https:\/\/totidiversidade.com.br\/blog\/cartilha-para-integracao-de-refugiados-e-migrantes\/#primaryimage\",\"url\":\"https:\/\/totidiversidade.com.br\/blog\/wp-content\/uploads\/2023\/09\/Capa-cartilha-para-integracao-de-refugiados-e-migrantes.png\",\"contentUrl\":\"https:\/\/totidiversidade.com.br\/blog\/wp-content\/uploads\/2023\/09\/Capa-cartilha-para-integracao-de-refugiados-e-migrantes.png\",\"width\":1044,\"height\":683,\"caption\":\"A imagem apresenta um folheto da Toti sobre integra\u00e7\u00e3o de refugiados e migrantes no ambiente de trabalho. O painel central destaca o t\u00edtulo \\\"Guia para Integrar Pessoas Refugiadas e Migrantes no Ambiente de Trabalho\\\" e uma pergunta sobre como as empresas podem ser mais inclusivas. Inclui tamb\u00e9m a foto de um homem sorridente trabalhando em um laptop, ilustrando o tema do guia.\"},{\"@type\":\"BreadcrumbList\",\"@id\":\"https:\/\/totidiversidade.com.br\/blog\/cartilha-para-integracao-de-refugiados-e-migrantes\/#breadcrumb\",\"itemListElement\":[{\"@type\":\"ListItem\",\"position\":1,\"name\":\"In\u00edcio\",\"item\":\"https:\/\/totidiversidade.com.br\/blog\/\"},{\"@type\":\"ListItem\",\"position\":2,\"name\":\"[Cartilha] Guia para integra\u00e7\u00e3o de refugiados e migrantes no mercado de trabalho\"}]},{\"@type\":\"WebSite\",\"@id\":\"https:\/\/totidiversidade.com.br\/blog\/#website\",\"url\":\"https:\/\/totidiversidade.com.br\/blog\/\",\"name\":\"Blog Toti Diversidade\",\"description\":\"Leia no blog da TOTI sobre diversidade, ESG e inclus\u00e3o de refugiados no mercado de tecnologia. Conte\u00fado que transforma empresas e vidas.\",\"alternateName\":\"Blog Toti\",\"potentialAction\":[{\"@type\":\"SearchAction\",\"target\":{\"@type\":\"EntryPoint\",\"urlTemplate\":\"https:\/\/totidiversidade.com.br\/blog\/?s={search_term_string}\"},\"query-input\":{\"@type\":\"PropertyValueSpecification\",\"valueRequired\":true,\"valueName\":\"search_term_string\"}}],\"inLanguage\":\"pt-BR\"},{\"@type\":\"Person\",\"@id\":\"https:\/\/totidiversidade.com.br\/blog\/#\/schema\/person\/017720ddde8fe164d3869aa20cee5343\",\"name\":\"devuser\",\"image\":{\"@type\":\"ImageObject\",\"inLanguage\":\"pt-BR\",\"@id\":\"https:\/\/totidiversidade.com.br\/blog\/#\/schema\/person\/image\/\",\"url\":\"https:\/\/secure.gravatar.com\/avatar\/74253e3534ececebd2a347cb60a61a1ce269d9077a2a8ab85efc2d6527e087e4?s=96&d=mm&r=g\",\"contentUrl\":\"https:\/\/secure.gravatar.com\/avatar\/74253e3534ececebd2a347cb60a61a1ce269d9077a2a8ab85efc2d6527e087e4?s=96&d=mm&r=g\",\"caption\":\"devuser\"},\"sameAs\":[\"https:\/\/blog.totidiversidade.com.br\"],\"url\":\"https:\/\/totidiversidade.com.br\/blog\/author\/devuser\/\"}]}<\/script>\n<!-- \/ Yoast SEO plugin. -->","yoast_head_json":{"title":"Cartilha para integra\u00e7\u00e3o de refugiados e migrantes no trabalho","description":"Dicas para a integra\u00e7\u00e3o de refugiados e migrantes no mercado de trabalho. Descubra como as empresas podem deixar o ambiente mais inclusivo.","robots":{"index":"index","follow":"follow","max-snippet":"max-snippet:-1","max-image-preview":"max-image-preview:large","max-video-preview":"max-video-preview:-1"},"canonical":"https:\/\/totidiversidade.com.br\/blog\/cartilha-para-integracao-de-refugiados-e-migrantes\/","og_locale":"pt_BR","og_type":"article","og_title":"Cartilha para integra\u00e7\u00e3o de refugiados e migrantes no trabalho","og_description":"Dicas para a integra\u00e7\u00e3o de refugiados e migrantes no mercado de trabalho. Veja como as empresas podem deixar o ambiente mais inclusivo.","og_url":"https:\/\/totidiversidade.com.br\/blog\/cartilha-para-integracao-de-refugiados-e-migrantes\/","og_site_name":"Blog Diversidade e ESG | Toti","article_published_time":"2023-09-05T16:00:00+00:00","article_modified_time":"2025-05-26T15:34:35+00:00","author":"devuser","twitter_card":"summary_large_image","twitter_image":"https:\/\/totidiversidade.com.br\/blog\/wp-content\/uploads\/2023\/09\/Capa-cartilha-para-integracao-de-refugiados-e-migrantes.png","twitter_misc":{"Escrito por":"devuser","Est. tempo de leitura":"1 minuto"},"schema":{"@context":"https:\/\/schema.org","@graph":[{"@type":"WebPage","@id":"https:\/\/totidiversidade.com.br\/blog\/cartilha-para-integracao-de-refugiados-e-migrantes\/","url":"https:\/\/totidiversidade.com.br\/blog\/cartilha-para-integracao-de-refugiados-e-migrantes\/","name":"Cartilha para integra\u00e7\u00e3o de refugiados e migrantes no trabalho","isPartOf":{"@id":"https:\/\/totidiversidade.com.br\/blog\/#website"},"primaryImageOfPage":{"@id":"https:\/\/totidiversidade.com.br\/blog\/cartilha-para-integracao-de-refugiados-e-migrantes\/#primaryimage"},"image":{"@id":"https:\/\/totidiversidade.com.br\/blog\/cartilha-para-integracao-de-refugiados-e-migrantes\/#primaryimage"},"thumbnailUrl":"https:\/\/totidiversidade.com.br\/blog\/wp-content\/uploads\/2023\/09\/Capa-cartilha-para-integracao-de-refugiados-e-migrantes.png","datePublished":"2023-09-05T16:00:00+00:00","dateModified":"2025-05-26T15:34:35+00:00","author":{"@id":"https:\/\/totidiversidade.com.br\/blog\/#\/schema\/person\/017720ddde8fe164d3869aa20cee5343"},"description":"Dicas para a integra\u00e7\u00e3o de refugiados e migrantes no mercado de trabalho. Descubra como as empresas podem deixar o ambiente mais inclusivo.","breadcrumb":{"@id":"https:\/\/totidiversidade.com.br\/blog\/cartilha-para-integracao-de-refugiados-e-migrantes\/#breadcrumb"},"inLanguage":"pt-BR","potentialAction":[{"@type":"ReadAction","target":["https:\/\/totidiversidade.com.br\/blog\/cartilha-para-integracao-de-refugiados-e-migrantes\/"]}]},{"@type":"ImageObject","inLanguage":"pt-BR","@id":"https:\/\/totidiversidade.com.br\/blog\/cartilha-para-integracao-de-refugiados-e-migrantes\/#primaryimage","url":"https:\/\/totidiversidade.com.br\/blog\/wp-content\/uploads\/2023\/09\/Capa-cartilha-para-integracao-de-refugiados-e-migrantes.png","contentUrl":"https:\/\/totidiversidade.com.br\/blog\/wp-content\/uploads\/2023\/09\/Capa-cartilha-para-integracao-de-refugiados-e-migrantes.png","width":1044,"height":683,"caption":"A imagem apresenta um folheto da Toti sobre integra\u00e7\u00e3o de refugiados e migrantes no ambiente de trabalho. O painel central destaca o t\u00edtulo \"Guia para Integrar Pessoas Refugiadas e Migrantes no Ambiente de Trabalho\" e uma pergunta sobre como as empresas podem ser mais inclusivas. Inclui tamb\u00e9m a foto de um homem sorridente trabalhando em um laptop, ilustrando o tema do guia."},{"@type":"BreadcrumbList","@id":"https:\/\/totidiversidade.com.br\/blog\/cartilha-para-integracao-de-refugiados-e-migrantes\/#breadcrumb","itemListElement":[{"@type":"ListItem","position":1,"name":"In\u00edcio","item":"https:\/\/totidiversidade.com.br\/blog\/"},{"@type":"ListItem","position":2,"name":"[Cartilha] Guia para integra\u00e7\u00e3o de refugiados e migrantes no mercado de trabalho"}]},{"@type":"WebSite","@id":"https:\/\/totidiversidade.com.br\/blog\/#website","url":"https:\/\/totidiversidade.com.br\/blog\/","name":"Blog Toti Diversidade","description":"Leia no blog da TOTI sobre diversidade, ESG e inclus\u00e3o de refugiados no mercado de tecnologia. Conte\u00fado que transforma empresas e vidas.","alternateName":"Blog Toti","potentialAction":[{"@type":"SearchAction","target":{"@type":"EntryPoint","urlTemplate":"https:\/\/totidiversidade.com.br\/blog\/?s={search_term_string}"},"query-input":{"@type":"PropertyValueSpecification","valueRequired":true,"valueName":"search_term_string"}}],"inLanguage":"pt-BR"},{"@type":"Person","@id":"https:\/\/totidiversidade.com.br\/blog\/#\/schema\/person\/017720ddde8fe164d3869aa20cee5343","name":"devuser","image":{"@type":"ImageObject","inLanguage":"pt-BR","@id":"https:\/\/totidiversidade.com.br\/blog\/#\/schema\/person\/image\/","url":"https:\/\/secure.gravatar.com\/avatar\/74253e3534ececebd2a347cb60a61a1ce269d9077a2a8ab85efc2d6527e087e4?s=96&d=mm&r=g","contentUrl":"https:\/\/secure.gravatar.com\/avatar\/74253e3534ececebd2a347cb60a61a1ce269d9077a2a8ab85efc2d6527e087e4?s=96&d=mm&r=g","caption":"devuser"},"sameAs":["https:\/\/blog.totidiversidade.com.br"],"url":"https:\/\/totidiversidade.com.br\/blog\/author\/devuser\/"}]}},"_links":{"self":[{"href":"https:\/\/totidiversidade.com.br\/blog\/wp-json\/wp\/v2\/posts\/7398","targetHints":{"allow":["GET"]}}],"collection":[{"href":"https:\/\/totidiversidade.com.br\/blog\/wp-json\/wp\/v2\/posts"}],"about":[{"href":"https:\/\/totidiversidade.com.br\/blog\/wp-json\/wp\/v2\/types\/post"}],"author":[{"embeddable":true,"href":"https:\/\/totidiversidade.com.br\/blog\/wp-json\/wp\/v2\/users\/1"}],"replies":[{"embeddable":true,"href":"https:\/\/totidiversidade.com.br\/blog\/wp-json\/wp\/v2\/comments?post=7398"}],"version-history":[{"count":22,"href":"https:\/\/totidiversidade.com.br\/blog\/wp-json\/wp\/v2\/posts\/7398\/revisions"}],"predecessor-version":[{"id":9109,"href":"https:\/\/totidiversidade.com.br\/blog\/wp-json\/wp\/v2\/posts\/7398\/revisions\/9109"}],"wp:featuredmedia":[{"embeddable":true,"href":"https:\/\/totidiversidade.com.br\/blog\/wp-json\/wp\/v2\/media\/8153"}],"wp:attachment":[{"href":"https:\/\/totidiversidade.com.br\/blog\/wp-json\/wp\/v2\/media?parent=7398"}],"wp:term":[{"taxonomy":"category","embeddable":true,"href":"https:\/\/totidiversidade.com.br\/blog\/wp-json\/wp\/v2\/categories?post=7398"},{"taxonomy":"post_tag","embeddable":true,"href":"https:\/\/totidiversidade.com.br\/blog\/wp-json\/wp\/v2\/tags?post=7398"}],"curies":[{"name":"wp","href":"https:\/\/api.w.org\/{rel}","templated":true}]}}