{"id":7433,"date":"2023-11-29T13:00:00","date_gmt":"2023-11-29T16:00:00","guid":{"rendered":"https:\/\/blog.totidiversidade.com.br\/descricao-de-cargo-inclusiva\/"},"modified":"2026-03-26T13:23:30","modified_gmt":"2026-03-26T16:23:30","slug":"descricao-de-cargo-inclusiva","status":"publish","type":"post","link":"https:\/\/totidiversidade.com.br\/blog\/descricao-de-cargo-inclusiva\/","title":{"rendered":"Checklist para uma descri\u00e7\u00e3o de cargo inclusiva"},"content":{"rendered":"<div id=\"bsf_rt_marker\"><\/div>\t\t<div data-elementor-type=\"wp-post\" data-elementor-id=\"7433\" class=\"elementor elementor-7433\" data-elementor-post-type=\"post\">\n\t\t\t\t<div class=\"elementor-element elementor-element-115e82f9 e-flex e-con-boxed e-con e-parent\" data-id=\"115e82f9\" data-element_type=\"container\">\n\t\t\t\t\t<div class=\"e-con-inner\">\n\t\t\t\t<div class=\"elementor-element elementor-element-51b5b7c7 elementor-widget elementor-widget-text-editor\" data-id=\"51b5b7c7\" data-element_type=\"widget\" data-widget_type=\"text-editor.default\">\n\t\t\t\t<div class=\"elementor-widget-container\">\n\t\t\t\t\t\t\t\t\t<figure class=\"wp-block-image size-large\"><img decoding=\"async\" class=\"wp-image-996\" src=\"https:\/\/totidiversidade.com.br\/blog\/wp-content\/uploads\/2024\/07\/descricao-de-cargo-inclusiva-capa-1024x576.jpg\" alt=\"Duas pessoas seguram uma prancheta em um ambiente corporativo. Ambas est\u00e3o sentadas. Na imagem, apenas as m\u00e3os dessas pessoas aparecem. A imagem pode representar uma entrevista de emprego.\" \/><\/figure>\n<p><!-- \/wp:image --><!-- wp:paragraph --><\/p>\n<p>Uma descri\u00e7\u00e3o de cargo inclusiva \u00e9 crucial para promover a integra\u00e7\u00e3o de pessoas com diferentes caracter\u00edsticas e viv\u00eancias no mercado de trabalho<\/p>\n<p><!-- \/wp:paragraph --><!-- wp:paragraph --><\/p>\n<p>Em um contexto em que a preocupa\u00e7\u00e3o com a diversidade est\u00e1 em ascens\u00e3o, investir em um recrutamento inclusivo \u00e9 fundamental para o sucesso de uma organiza\u00e7\u00e3o.\u00a0<\/p>\n<p><!-- \/wp:paragraph --><!-- wp:spacer {\"height\":\"20px\"} --><\/p>\n<p><!-- \/wp:spacer --><!-- wp:heading --><\/p>\n<h2 class=\"wp-block-heading\">O que \u00e9 uma descri\u00e7\u00e3o de cargo?<\/h2>\n<p><!-- \/wp:heading --><!-- wp:spacer {\"height\":\"20px\"} --><\/p>\n<p><!-- \/wp:spacer --><!-- wp:paragraph --><\/p>\n<p>A descri\u00e7\u00e3o de cargo \u00e9 um documento que descreve, de forma detalhada, as fun\u00e7\u00f5es e responsabilidades de uma ocupa\u00e7\u00e3o. Al\u00e9m disso, incluem outras informa\u00e7\u00f5es relevantes como habilidades e qualifica\u00e7\u00f5es necess\u00e1rias para preencher o cargo.\u00a0<\/p>\n<p><!-- \/wp:paragraph --><!-- wp:paragraph --><\/p>\n<p>Esse resumo \u00e9 criado pelo departamento de recursos humanos. Ele pode ser usado para guiar pessoas candidatas e a gest\u00e3o de RH durante processos seletivos. Suas informa\u00e7\u00f5es auxiliam na busca da pessoa ideal para preencher a vaga ofertada.<\/p>\n<p><!-- \/wp:paragraph --><!-- wp:paragraph --><\/p>\n<p>A documenta\u00e7\u00e3o tamb\u00e9m \u00e9 relevante para a organiza\u00e7\u00e3o interna da empresa. Isso ocorre porque a descri\u00e7\u00e3o de cargo serve como refer\u00eancia para a lideran\u00e7a e a equipe cobrarem e serem cobrados de forma adequada.\u00a0<\/p>\n<p><!-- \/wp:paragraph --><!-- wp:paragraph --><\/p>\n<p>Dessa forma, cada pessoa colaboradora sabe o que cabe ou n\u00e3o a ela dentro do escopo de sua coloca\u00e7\u00e3o.<\/p>\n<p><!-- \/wp:paragraph --><!-- wp:spacer {\"height\":\"20px\"} --><\/p>\n<p><!-- \/wp:spacer --><!-- wp:heading --><\/p>\n<h2 class=\"wp-block-heading\">Import\u00e2ncia de uma descri\u00e7\u00e3o de cargo inclusiva<\/h2>\n<p><!-- \/wp:heading --><!-- wp:spacer {\"height\":\"20px\"} --><\/p>\n<p><!-- \/wp:spacer --><!-- wp:paragraph --><\/p>\n<p>Um ambiente de trabalho diversificado \u00e9 essencial no desenvolvimento de uma equipe produtiva e inovadora.<\/p>\n<p><!-- \/wp:paragraph --><!-- wp:paragraph --><\/p>\n<p>Nesse cen\u00e1rio, a descri\u00e7\u00e3o de cargo inclusiva \u00e9 o ponto inicial para a forma\u00e7\u00e3o de uma equipe plural. Com ela, voc\u00ea garante que pessoas com diferentes perspectivas e caracter\u00edsticas sejam consideradas para a posi\u00e7\u00e3o.\u00a0<\/p>\n<p><!-- \/wp:paragraph --><!-- wp:paragraph --><\/p>\n<p>Em outras palavras, isso possibilita que indiv\u00edduos de variados g\u00eaneros, etnias, orienta\u00e7\u00f5es sexuais e outras caracter\u00edsticas se sintam mais confiantes para se candidatar a uma vaga.\u00a0<\/p>\n<p><!-- \/wp:paragraph --><!-- wp:paragraph --><\/p>\n<p>Nota-se tamb\u00e9m benef\u00edcios para a marca empregadora. Empresas que investem em <a href=\"https:\/\/totidiversidade.com.br\/blog\/importancia-da-diversidade-e-inclusao-na-retencao-talentos\/\">diversidade e inclus\u00e3o<\/a> criam ambientes de trabalho mais acolhedores.\u00a0<\/p>\n<p><!-- \/wp:paragraph --><!-- wp:paragraph --><\/p>\n<p>Isso, por sua vez, atrai novos talentos e aumenta a reten\u00e7\u00e3o de colaboradores que j\u00e1 trabalham na empresa. Al\u00e9m disso, a organiza\u00e7\u00e3o \u00e9 percebida como socialmente respons\u00e1vel.\u00a0<\/p>\n<p><!-- \/wp:paragraph --><!-- wp:spacer {\"height\":\"20px\"} --><\/p>\n<p><!-- \/wp:spacer --><!-- wp:heading --><\/p>\n<h2 class=\"wp-block-heading\">Checklist para uma descri\u00e7\u00e3o de cargo inclusiva<\/h2>\n<p><!-- \/wp:heading --><!-- wp:spacer {\"height\":\"20px\"} --><\/p>\n<p><!-- \/wp:spacer --><!-- wp:list --><\/p>\n<ul>\n<li style=\"list-style-type: none;\">\n<ul><!-- wp:list-item --><\/ul>\n<\/li>\n<\/ul>\n<ul>\n<li>Incluir informa\u00e7\u00f5es sobre a empresa, como miss\u00e3o, vis\u00e3o e valores.<\/li>\n<\/ul>\n<p><!-- \/wp:list-item --><\/p>\n<p><!-- \/wp:list --><!-- wp:list --><\/p>\n<ul>\n<li style=\"list-style-type: none;\">\n<ul><!-- wp:list-item --><\/ul>\n<\/li>\n<\/ul>\n<ul>\n<li>Escrever as responsabilidades e os requisitos da vaga de maneira clara e objetiva.\u00a0<\/li>\n<\/ul>\n<p><!-- \/wp:list-item --><\/p>\n<p><!-- \/wp:list --><!-- wp:list --><\/p>\n<ul>\n<li style=\"list-style-type: none;\">\n<ul><!-- wp:list-item --><\/ul>\n<\/li>\n<\/ul>\n<ul>\n<li>Usar uma linguagem neutra, sem marca\u00e7\u00f5es de g\u00eanero.<\/li>\n<\/ul>\n<p><!-- \/wp:list-item --><\/p>\n<p><!-- \/wp:list --><!-- wp:list --><\/p>\n<ul>\n<li style=\"list-style-type: none;\">\n<ul><!-- wp:list-item --><\/ul>\n<\/li>\n<\/ul>\n<ul>\n<li>Minimizar o uso de palavras estrangeiras e fornecer explica\u00e7\u00f5es claras quando necess\u00e1rio.<\/li>\n<\/ul>\n<p><!-- \/wp:list-item --><\/p>\n<p><!-- \/wp:list --><!-- wp:list --><\/p>\n<ul>\n<li style=\"list-style-type: none;\">\n<ul><!-- wp:list-item --><\/ul>\n<\/li>\n<\/ul>\n<ul>\n<li>Evitar o uso de jarg\u00f5es regionais que possam excluir pessoas de diferentes origens.<\/li>\n<\/ul>\n<p><!-- \/wp:list-item --><\/p>\n<p><!-- \/wp:list --><!-- wp:list --><\/p>\n<ul>\n<li style=\"list-style-type: none;\">\n<ul><!-- wp:list-item --><\/ul>\n<\/li>\n<\/ul>\n<ul>\n<li>Informar o hor\u00e1rio de trabalho e especificar se a atua\u00e7\u00e3o \u00e9 presencial, h\u00edbrida ou remota.<\/li>\n<\/ul>\n<p><!-- \/wp:list-item --><\/p>\n<p><!-- \/wp:list --><!-- wp:list --><\/p>\n<ul>\n<li style=\"list-style-type: none;\">\n<ul><!-- wp:list-item --><\/ul>\n<\/li>\n<\/ul>\n<ul>\n<li>Detalhar as etapas do processo seletivo (entrevista, avalia\u00e7\u00e3o t\u00e9cnica e proposta).<\/li>\n<\/ul>\n<p><!-- \/wp:list-item --><\/p>\n<p><!-- \/wp:list --><!-- wp:list --><\/p>\n<ul>\n<li style=\"list-style-type: none;\">\n<ul><!-- wp:list-item --><\/ul>\n<\/li>\n<\/ul>\n<ul>\n<li>Destacar apenas os requisitos necess\u00e1rios para a vaga. Habilidades desej\u00e1veis, se mencionadas, devem ser limitadas e objetivas.<\/li>\n<\/ul>\n<p><!-- \/wp:list-item --><\/p>\n<p><!-- \/wp:list --><!-- wp:list --><\/p>\n<ul>\n<li style=\"list-style-type: none;\">\n<ul><!-- wp:list-item --><\/ul>\n<\/li>\n<\/ul>\n<ul>\n<li>Listar os benef\u00edcios disponibilizados pela organiza\u00e7\u00e3o.<\/li>\n<\/ul>\n<p><!-- \/wp:list-item --><\/p>\n<p><!-- \/wp:list --><!-- wp:list --><\/p>\n<ul>\n<li style=\"list-style-type: none;\">\n<ul><!-- wp:list-item --><\/ul>\n<\/li>\n<\/ul>\n<ul>\n<li>Incluir frases que evidenciem o compromisso da empresa com a diversidade e inclus\u00e3o.<\/li>\n<\/ul>\n<p><!-- \/wp:list-item --><\/p>\n<p><!-- \/wp:list --><!-- wp:spacer {\"height\":\"20px\"} --><\/p>\n<div class=\"wp-block-spacer\" style=\"height: 20px;\" aria-hidden=\"true\"><a href=\"https:\/\/totidiversidade.com.br\/blog\/planilha-calculadora-de-diversidade\/?utm_source=blog-esg&amp;utm_medium=banner-no-texto&amp;utm_campaign=banner-no-texto-calculadora-diversidade&amp;utm_term=descricao-de-cargo-inclusiva&amp;utm_content=prancheta-grafico\" target=\"_blank\" rel=\"noopener\"><img fetchpriority=\"high\" decoding=\"async\" class=\"aligncenter wp-image-8575 size-full\" src=\"https:\/\/totidiversidade.com.br\/blog\/wp-content\/uploads\/2025\/02\/Banner-Calculadora-Diversidade-2.jpg\" alt=\"Acesse gratuitamente a calculadora de diversidade.\" width=\"1044\" height=\"219\" \/><\/a><\/div>\n<p><!-- \/wp:spacer --><!-- wp:heading --><\/p>\n<h2>\u00a0<\/h2>\n<h2>\u00a0<\/h2>\n<h2 class=\"wp-block-heading\">Modelo de descri\u00e7\u00e3o de cargo inclusiva<\/h2>\n<p><!-- \/wp:heading --><!-- wp:spacer {\"height\":\"20px\"} --><\/p>\n<p><!-- \/wp:spacer --><!-- wp:paragraph --><\/p>\n<p><strong><em>Cargo: Analista de Finan\u00e7as\u00a0<\/em><\/strong><\/p>\n<p><!-- \/wp:paragraph --><!-- wp:spacer {\"height\":\"20px\"} --><\/p>\n<p><!-- \/wp:spacer --><!-- wp:paragraph --><\/p>\n<p>Com mais de vinte anos de hist\u00f3ria, a [Empresa X] \u00e9 uma empresa de tecnologia que oferece solu\u00e7\u00f5es para organizar seu dinheiro.\u00a0<\/p>\n<p><!-- \/wp:paragraph --><!-- wp:paragraph --><\/p>\n<p>Na [Empresa X], voc\u00ea encontra calculadoras financeiras, gerenciador de finan\u00e7as e comparador de cart\u00f5es, al\u00e9m de conte\u00fados educacionais em todas as nossas plataformas de comunica\u00e7\u00e3o.\u00a0\u00a0<\/p>\n<p><!-- \/wp:paragraph --><!-- wp:paragraph --><\/p>\n<p>Conhe\u00e7a nossos valores: Criatividade, Determina\u00e7\u00e3o, Transpar\u00eancia, Equil\u00edbrio, Humildade e Franqueza<\/p>\n<p><!-- \/wp:paragraph --><!-- wp:spacer {\"height\":\"20px\"} --><\/p>\n<p><!-- \/wp:spacer --><!-- wp:paragraph --><\/p>\n<p><strong><em>Descri\u00e7\u00e3o:<\/em><\/strong><\/p>\n<p><!-- \/wp:paragraph --><!-- wp:spacer {\"height\":\"20px\"} --><\/p>\n<p><!-- \/wp:spacer --><!-- wp:paragraph --><\/p>\n<p>Buscamos uma pessoa colaboradora para atuar com planejamento, gest\u00e3o e an\u00e1lise de recursos financeiros. Essa pessoa ser\u00e1 respons\u00e1vel pelos balan\u00e7os, negocia\u00e7\u00f5es, pagamento de contas e impostos. Al\u00e9m disso, ajudar\u00e1 na tomada de decis\u00f5es estrat\u00e9gicas e no planejamento financeiro geral da organiza\u00e7\u00e3o.<\/p>\n<p><!-- \/wp:paragraph --><!-- wp:spacer {\"height\":\"20px\"} --><\/p>\n<p><!-- \/wp:spacer --><!-- wp:paragraph --><\/p>\n<p><strong><em>Responsabilidades:<\/em><\/strong><\/p>\n<p><!-- \/wp:paragraph --><!-- wp:spacer {\"height\":\"20px\"} --><\/p>\n<p><!-- \/wp:spacer --><!-- wp:list --><\/p>\n<ul>\n<li style=\"list-style-type: none;\">\n<ul><!-- wp:list-item --><\/ul>\n<\/li>\n<\/ul>\n<ul>\n<li>Controle de receitas e despesas;<\/li>\n<\/ul>\n<p><!-- \/wp:list-item --><!-- wp:list-item --><\/p>\n<ul>\n<li>Monitoramento de contas a pagar e receber;<\/li>\n<\/ul>\n<p><!-- \/wp:list-item --><!-- wp:list-item --><\/p>\n<ul>\n<li>Produ\u00e7\u00e3o de relat\u00f3rios financeiros;<\/li>\n<\/ul>\n<p><!-- \/wp:list-item --><!-- wp:list-item --><\/p>\n<ul>\n<li>Aux\u00edlio em or\u00e7amentos e planejamentos financeiros.<\/li>\n<\/ul>\n<p><!-- \/wp:list-item --><\/p>\n<p><!-- \/wp:list --><!-- wp:spacer {\"height\":\"20px\"} --><\/p>\n<p><!-- \/wp:spacer --><!-- wp:paragraph --><\/p>\n<p><strong><em>Requisitos:<\/em><\/strong><\/p>\n<p><!-- \/wp:paragraph --><!-- wp:spacer {\"height\":\"20px\"} --><\/p>\n<p><!-- \/wp:spacer --><!-- wp:list --><\/p>\n<ul>\n<li style=\"list-style-type: none;\">\n<ul><!-- wp:list-item --><\/ul>\n<\/li>\n<\/ul>\n<ul>\n<li>Ensino superior completo em ci\u00eancias cont\u00e1beis, administra\u00e7\u00e3o, economia ou \u00e1reas correlatas;<\/li>\n<\/ul>\n<p><!-- \/wp:list-item --><!-- wp:list-item --><\/p>\n<ul>\n<li>Excel intermedi\u00e1rio;<\/li>\n<\/ul>\n<p><!-- \/wp:list-item --><!-- wp:list-item --><\/p>\n<ul>\n<li>Capacidade anal\u00edtica e organiza\u00e7\u00e3o;<\/li>\n<\/ul>\n<p><!-- \/wp:list-item --><!-- wp:list-item --><\/p>\n<ul>\n<li>Habilidades matem\u00e1ticas.<\/li>\n<\/ul>\n<p><!-- \/wp:list-item --><\/p>\n<p><!-- \/wp:list --><!-- wp:spacer {\"height\":\"20px\"} --><\/p>\n<p><!-- \/wp:spacer --><!-- wp:paragraph --><\/p>\n<p><strong><em>Benef\u00edcios<\/em><\/strong><\/p>\n<p><!-- \/wp:paragraph --><!-- wp:spacer {\"height\":\"20px\"} --><\/p>\n<p><!-- \/wp:spacer --><!-- wp:list --><\/p>\n<ul>\n<li style=\"list-style-type: none;\">\n<ul><!-- wp:list-item --><\/ul>\n<\/li>\n<\/ul>\n<ul>\n<li>Aux\u00edlio alimenta\u00e7\u00e3o e refei\u00e7\u00e3o;<\/li>\n<\/ul>\n<p><!-- \/wp:list-item --><!-- wp:list-item --><\/p>\n<ul>\n<li>Plano de sa\u00fade;\u00a0<\/li>\n<\/ul>\n<p><!-- \/wp:list-item --><!-- wp:list-item --><\/p>\n<ul>\n<li>Plano odontol\u00f3gico;<\/li>\n<\/ul>\n<p><!-- \/wp:list-item --><!-- wp:list-item --><\/p>\n<ul>\n<li>Gympass;<\/li>\n<\/ul>\n<p><!-- \/wp:list-item --><!-- wp:list-item --><\/p>\n<ul>\n<li>Aux\u00edlio creche.<\/li>\n<\/ul>\n<p><!-- \/wp:list-item --><\/p>\n<p><!-- \/wp:list --><!-- wp:spacer {\"height\":\"20px\"} --><\/p>\n<p><!-- \/wp:spacer --><!-- wp:paragraph --><\/p>\n<p><strong><em>Outras informa\u00e7\u00f5es:<\/em><\/strong><\/p>\n<p><!-- \/wp:paragraph --><!-- wp:spacer {\"height\":\"20px\"} --><\/p>\n<p><!-- \/wp:spacer --><!-- wp:paragraph --><\/p>\n<p>Modelo de trabalho: Remoto<\/p>\n<p><!-- \/wp:paragraph --><!-- wp:paragraph --><\/p>\n<p>Contrato CLT<\/p>\n<p><!-- \/wp:paragraph --><!-- wp:paragraph --><\/p>\n<p>Hor\u00e1rio: 09h \u00e0s 18h (Flex\u00edvel)\u00a0<\/p>\n<p><!-- \/wp:paragraph --><!-- wp:spacer {\"height\":\"20px\"} --><\/p>\n<p><!-- \/wp:spacer --><!-- wp:paragraph --><\/p>\n<p><strong><em>Etapas do processo seletivo:<\/em><\/strong><\/p>\n<p><!-- \/wp:paragraph --><!-- wp:spacer {\"height\":\"20px\"} --><\/p>\n<p><!-- \/wp:spacer --><!-- wp:list {\"ordered\":true} --><\/p>\n<ol>\n<li style=\"list-style-type: none;\">\n<ol><!-- wp:list-item --><\/ol>\n<\/li>\n<\/ol>\n<ol>\n<li>Triagem<\/li>\n<li>Entrevista<\/li>\n<li>Avalia\u00e7\u00e3o t\u00e9cnica<\/li>\n<li>Proposta\u00a0<\/li>\n<\/ol>\n<p><!-- \/wp:list-item --><!-- wp:paragraph --><\/p>\n<p>Na [Empresa X], diversidade e inclus\u00e3o s\u00e3o pautas importantes e fundamentais para a nossa cultura organizacional. Por isso, incentivamos a candidatura de pessoas de todos os g\u00eaneros, etnias, origens, idades, orienta\u00e7\u00f5es sexuais e outras caracter\u00edsticas!\u00a0<\/p>\n<p><!-- \/wp:paragraph --><!-- wp:spacer {\"height\":\"20px\"} --><\/p>\n<p><!-- \/wp:spacer --><!-- wp:heading --><\/p>\n<h2 class=\"wp-block-heading\">Baixe o checklist de descri\u00e7\u00e3o de cargo inclusiva em PDF<\/h2>\n<p><!-- \/wp:heading --><!-- wp:spacer {\"height\":\"20px\"} --><\/p>\n<p><!-- \/wp:spacer --><!-- wp:paragraph --><\/p>\n<p>Nosso checklist para uma descri\u00e7\u00e3o de cargo inclusiva est\u00e1 dispon\u00edvel para download.<\/p>\n<p><!-- \/wp:paragraph --><!-- wp:paragraph --><\/p>\n<p>Dessa forma, voc\u00ea pode salvar o material e consultar quando quiser.\u00a0<\/p>\n<p><!-- \/wp:paragraph --><!-- wp:paragraph --><\/p>\n<p>Clique no link abaixo e garanta o seu PDF:<\/p>\n<p><!-- \/wp:paragraph --><!-- wp:paragraph --><\/p>\n<p><a href=\"https:\/\/drive.google.com\/uc?id=1pI8-uFdKBwFoESX4xgFeBSLwf4Ny7VRu&amp;export=download\" target=\"_blank\" rel=\"noreferrer noopener\">BAIXAR CHECKLIST<\/a><\/p>\n<p><!-- \/wp:paragraph --><\/p>\t\t\t\t\t\t\t\t<\/div>\n\t\t\t\t<\/div>\n\t\t\t\t\t<\/div>\n\t\t\t\t<\/div>\n\t\t\t\t<\/div>\n\t\t","protected":false},"excerpt":{"rendered":"<p>Descubra o que \u00e9 uma descri\u00e7\u00e3o de cargo inclusiva, saiba como fazer uma e receba um modelo para guiar seus processos seletivos.<\/p>\n","protected":false},"author":1,"featured_media":7434,"comment_status":"closed","ping_status":"closed","sticky":false,"template":"","format":"standard","meta":{"footnotes":""},"categories":[1,16],"tags":[182,186],"class_list":["post-7433","post","type-post","status-publish","format-standard","has-post-thumbnail","hentry","category-diversidade-e-esg","category-recrutamento-e-selecao","tag-banner-lateral-banco-de-diversidade","tag-banner-no-texto-calculadora-diversidade"],"yoast_head":"<!-- This site is optimized with the Yoast SEO plugin v25.7 - https:\/\/yoast.com\/wordpress\/plugins\/seo\/ -->\n<title>Checklist para criar uma descri\u00e7\u00e3o de cargo inclusiva: exemplo pr\u00e1tico e material em PDF<\/title>\n<meta name=\"description\" content=\"Descubra o que \u00e9 uma descri\u00e7\u00e3o de cargo inclusiva e confira modelos e dicas para criar vagas que acolhem diferentes perfis e promovem equidade.\" \/>\n<meta name=\"robots\" content=\"index, follow, max-snippet:-1, max-image-preview:large, max-video-preview:-1\" \/>\n<link rel=\"canonical\" href=\"https:\/\/totidiversidade.com.br\/blog\/descricao-de-cargo-inclusiva\/\" \/>\n<meta property=\"og:locale\" content=\"pt_BR\" \/>\n<meta property=\"og:type\" content=\"article\" \/>\n<meta property=\"og:title\" content=\"Checklist para uma descri\u00e7\u00e3o de cargo inclusiva\" \/>\n<meta property=\"og:description\" content=\"Descubra o que \u00e9 uma descri\u00e7\u00e3o de cargo inclusiva, saiba como fazer uma e receba um modelo para guiar seus processos seletivos.\" \/>\n<meta property=\"og:url\" content=\"https:\/\/totidiversidade.com.br\/blog\/descricao-de-cargo-inclusiva\/\" \/>\n<meta property=\"og:site_name\" content=\"Blog Diversidade e ESG | Toti\" \/>\n<meta property=\"article:published_time\" content=\"2023-11-29T16:00:00+00:00\" \/>\n<meta property=\"article:modified_time\" content=\"2026-03-26T16:23:30+00:00\" \/>\n<meta name=\"author\" content=\"devuser\" \/>\n<meta name=\"twitter:card\" content=\"summary_large_image\" \/>\n<meta name=\"twitter:image\" content=\"https:\/\/totidiversidade.com.br\/blog\/wp-content\/uploads\/2024\/07\/descricao-de-cargo-inclusiva-capa.jpg\" \/>\n<meta name=\"twitter:label1\" content=\"Escrito por\" \/>\n\t<meta name=\"twitter:data1\" content=\"devuser\" \/>\n\t<meta name=\"twitter:label2\" content=\"Est. tempo de leitura\" \/>\n\t<meta name=\"twitter:data2\" content=\"5 minutos\" \/>\n<script type=\"application\/ld+json\" class=\"yoast-schema-graph\">{\"@context\":\"https:\/\/schema.org\",\"@graph\":[{\"@type\":\"WebPage\",\"@id\":\"https:\/\/totidiversidade.com.br\/blog\/descricao-de-cargo-inclusiva\/\",\"url\":\"https:\/\/totidiversidade.com.br\/blog\/descricao-de-cargo-inclusiva\/\",\"name\":\"Checklist para criar uma descri\u00e7\u00e3o de cargo inclusiva: exemplo pr\u00e1tico e material em PDF\",\"isPartOf\":{\"@id\":\"https:\/\/totidiversidade.com.br\/blog\/#website\"},\"primaryImageOfPage\":{\"@id\":\"https:\/\/totidiversidade.com.br\/blog\/descricao-de-cargo-inclusiva\/#primaryimage\"},\"image\":{\"@id\":\"https:\/\/totidiversidade.com.br\/blog\/descricao-de-cargo-inclusiva\/#primaryimage\"},\"thumbnailUrl\":\"https:\/\/totidiversidade.com.br\/blog\/wp-content\/uploads\/2024\/07\/descricao-de-cargo-inclusiva-capa.jpg\",\"datePublished\":\"2023-11-29T16:00:00+00:00\",\"dateModified\":\"2026-03-26T16:23:30+00:00\",\"author\":{\"@id\":\"https:\/\/totidiversidade.com.br\/blog\/#\/schema\/person\/017720ddde8fe164d3869aa20cee5343\"},\"description\":\"Descubra o que \u00e9 uma descri\u00e7\u00e3o de cargo inclusiva e confira modelos e dicas para criar vagas que acolhem diferentes perfis e promovem equidade.\",\"breadcrumb\":{\"@id\":\"https:\/\/totidiversidade.com.br\/blog\/descricao-de-cargo-inclusiva\/#breadcrumb\"},\"inLanguage\":\"pt-BR\",\"potentialAction\":[{\"@type\":\"ReadAction\",\"target\":[\"https:\/\/totidiversidade.com.br\/blog\/descricao-de-cargo-inclusiva\/\"]}]},{\"@type\":\"ImageObject\",\"inLanguage\":\"pt-BR\",\"@id\":\"https:\/\/totidiversidade.com.br\/blog\/descricao-de-cargo-inclusiva\/#primaryimage\",\"url\":\"https:\/\/totidiversidade.com.br\/blog\/wp-content\/uploads\/2024\/07\/descricao-de-cargo-inclusiva-capa.jpg\",\"contentUrl\":\"https:\/\/totidiversidade.com.br\/blog\/wp-content\/uploads\/2024\/07\/descricao-de-cargo-inclusiva-capa.jpg\",\"width\":1080,\"height\":608,\"caption\":\"Duas pessoas seguram uma prancheta em um ambiente corporativo. Ambas est\u00e3o sentadas. Na imagem, apenas as m\u00e3os dessas pessoas aparecem. A imagem pode representar uma entrevista de emprego.\"},{\"@type\":\"BreadcrumbList\",\"@id\":\"https:\/\/totidiversidade.com.br\/blog\/descricao-de-cargo-inclusiva\/#breadcrumb\",\"itemListElement\":[{\"@type\":\"ListItem\",\"position\":1,\"name\":\"In\u00edcio\",\"item\":\"https:\/\/totidiversidade.com.br\/blog\/\"},{\"@type\":\"ListItem\",\"position\":2,\"name\":\"Checklist para uma descri\u00e7\u00e3o de cargo inclusiva\"}]},{\"@type\":\"WebSite\",\"@id\":\"https:\/\/totidiversidade.com.br\/blog\/#website\",\"url\":\"https:\/\/totidiversidade.com.br\/blog\/\",\"name\":\"Blog Toti Diversidade\",\"description\":\"Leia no blog da TOTI sobre diversidade, ESG e inclus\u00e3o de refugiados no mercado de tecnologia. Conte\u00fado que transforma empresas e vidas.\",\"alternateName\":\"Blog Toti\",\"potentialAction\":[{\"@type\":\"SearchAction\",\"target\":{\"@type\":\"EntryPoint\",\"urlTemplate\":\"https:\/\/totidiversidade.com.br\/blog\/?s={search_term_string}\"},\"query-input\":{\"@type\":\"PropertyValueSpecification\",\"valueRequired\":true,\"valueName\":\"search_term_string\"}}],\"inLanguage\":\"pt-BR\"},{\"@type\":\"Person\",\"@id\":\"https:\/\/totidiversidade.com.br\/blog\/#\/schema\/person\/017720ddde8fe164d3869aa20cee5343\",\"name\":\"devuser\",\"image\":{\"@type\":\"ImageObject\",\"inLanguage\":\"pt-BR\",\"@id\":\"https:\/\/totidiversidade.com.br\/blog\/#\/schema\/person\/image\/\",\"url\":\"https:\/\/secure.gravatar.com\/avatar\/74253e3534ececebd2a347cb60a61a1ce269d9077a2a8ab85efc2d6527e087e4?s=96&d=mm&r=g\",\"contentUrl\":\"https:\/\/secure.gravatar.com\/avatar\/74253e3534ececebd2a347cb60a61a1ce269d9077a2a8ab85efc2d6527e087e4?s=96&d=mm&r=g\",\"caption\":\"devuser\"},\"sameAs\":[\"https:\/\/blog.totidiversidade.com.br\"],\"url\":\"https:\/\/totidiversidade.com.br\/blog\/author\/devuser\/\"}]}<\/script>\n<!-- \/ Yoast SEO plugin. -->","yoast_head_json":{"title":"Checklist para criar uma descri\u00e7\u00e3o de cargo inclusiva: exemplo pr\u00e1tico e material em PDF","description":"Descubra o que \u00e9 uma descri\u00e7\u00e3o de cargo inclusiva e confira modelos e dicas para criar vagas que acolhem diferentes perfis e promovem equidade.","robots":{"index":"index","follow":"follow","max-snippet":"max-snippet:-1","max-image-preview":"max-image-preview:large","max-video-preview":"max-video-preview:-1"},"canonical":"https:\/\/totidiversidade.com.br\/blog\/descricao-de-cargo-inclusiva\/","og_locale":"pt_BR","og_type":"article","og_title":"Checklist para uma descri\u00e7\u00e3o de cargo inclusiva","og_description":"Descubra o que \u00e9 uma descri\u00e7\u00e3o de cargo inclusiva, saiba como fazer uma e receba um modelo para guiar seus processos seletivos.","og_url":"https:\/\/totidiversidade.com.br\/blog\/descricao-de-cargo-inclusiva\/","og_site_name":"Blog Diversidade e ESG | Toti","article_published_time":"2023-11-29T16:00:00+00:00","article_modified_time":"2026-03-26T16:23:30+00:00","author":"devuser","twitter_card":"summary_large_image","twitter_image":"https:\/\/totidiversidade.com.br\/blog\/wp-content\/uploads\/2024\/07\/descricao-de-cargo-inclusiva-capa.jpg","twitter_misc":{"Escrito por":"devuser","Est. tempo de leitura":"5 minutos"},"schema":{"@context":"https:\/\/schema.org","@graph":[{"@type":"WebPage","@id":"https:\/\/totidiversidade.com.br\/blog\/descricao-de-cargo-inclusiva\/","url":"https:\/\/totidiversidade.com.br\/blog\/descricao-de-cargo-inclusiva\/","name":"Checklist para criar uma descri\u00e7\u00e3o de cargo inclusiva: exemplo pr\u00e1tico e material em PDF","isPartOf":{"@id":"https:\/\/totidiversidade.com.br\/blog\/#website"},"primaryImageOfPage":{"@id":"https:\/\/totidiversidade.com.br\/blog\/descricao-de-cargo-inclusiva\/#primaryimage"},"image":{"@id":"https:\/\/totidiversidade.com.br\/blog\/descricao-de-cargo-inclusiva\/#primaryimage"},"thumbnailUrl":"https:\/\/totidiversidade.com.br\/blog\/wp-content\/uploads\/2024\/07\/descricao-de-cargo-inclusiva-capa.jpg","datePublished":"2023-11-29T16:00:00+00:00","dateModified":"2026-03-26T16:23:30+00:00","author":{"@id":"https:\/\/totidiversidade.com.br\/blog\/#\/schema\/person\/017720ddde8fe164d3869aa20cee5343"},"description":"Descubra o que \u00e9 uma descri\u00e7\u00e3o de cargo inclusiva e confira modelos e dicas para criar vagas que acolhem diferentes perfis e promovem equidade.","breadcrumb":{"@id":"https:\/\/totidiversidade.com.br\/blog\/descricao-de-cargo-inclusiva\/#breadcrumb"},"inLanguage":"pt-BR","potentialAction":[{"@type":"ReadAction","target":["https:\/\/totidiversidade.com.br\/blog\/descricao-de-cargo-inclusiva\/"]}]},{"@type":"ImageObject","inLanguage":"pt-BR","@id":"https:\/\/totidiversidade.com.br\/blog\/descricao-de-cargo-inclusiva\/#primaryimage","url":"https:\/\/totidiversidade.com.br\/blog\/wp-content\/uploads\/2024\/07\/descricao-de-cargo-inclusiva-capa.jpg","contentUrl":"https:\/\/totidiversidade.com.br\/blog\/wp-content\/uploads\/2024\/07\/descricao-de-cargo-inclusiva-capa.jpg","width":1080,"height":608,"caption":"Duas pessoas seguram uma prancheta em um ambiente corporativo. Ambas est\u00e3o sentadas. Na imagem, apenas as m\u00e3os dessas pessoas aparecem. A imagem pode representar uma entrevista de emprego."},{"@type":"BreadcrumbList","@id":"https:\/\/totidiversidade.com.br\/blog\/descricao-de-cargo-inclusiva\/#breadcrumb","itemListElement":[{"@type":"ListItem","position":1,"name":"In\u00edcio","item":"https:\/\/totidiversidade.com.br\/blog\/"},{"@type":"ListItem","position":2,"name":"Checklist para uma descri\u00e7\u00e3o de cargo inclusiva"}]},{"@type":"WebSite","@id":"https:\/\/totidiversidade.com.br\/blog\/#website","url":"https:\/\/totidiversidade.com.br\/blog\/","name":"Blog Toti Diversidade","description":"Leia no blog da TOTI sobre diversidade, ESG e inclus\u00e3o de refugiados no mercado de tecnologia. Conte\u00fado que transforma empresas e vidas.","alternateName":"Blog Toti","potentialAction":[{"@type":"SearchAction","target":{"@type":"EntryPoint","urlTemplate":"https:\/\/totidiversidade.com.br\/blog\/?s={search_term_string}"},"query-input":{"@type":"PropertyValueSpecification","valueRequired":true,"valueName":"search_term_string"}}],"inLanguage":"pt-BR"},{"@type":"Person","@id":"https:\/\/totidiversidade.com.br\/blog\/#\/schema\/person\/017720ddde8fe164d3869aa20cee5343","name":"devuser","image":{"@type":"ImageObject","inLanguage":"pt-BR","@id":"https:\/\/totidiversidade.com.br\/blog\/#\/schema\/person\/image\/","url":"https:\/\/secure.gravatar.com\/avatar\/74253e3534ececebd2a347cb60a61a1ce269d9077a2a8ab85efc2d6527e087e4?s=96&d=mm&r=g","contentUrl":"https:\/\/secure.gravatar.com\/avatar\/74253e3534ececebd2a347cb60a61a1ce269d9077a2a8ab85efc2d6527e087e4?s=96&d=mm&r=g","caption":"devuser"},"sameAs":["https:\/\/blog.totidiversidade.com.br"],"url":"https:\/\/totidiversidade.com.br\/blog\/author\/devuser\/"}]}},"_links":{"self":[{"href":"https:\/\/totidiversidade.com.br\/blog\/wp-json\/wp\/v2\/posts\/7433","targetHints":{"allow":["GET"]}}],"collection":[{"href":"https:\/\/totidiversidade.com.br\/blog\/wp-json\/wp\/v2\/posts"}],"about":[{"href":"https:\/\/totidiversidade.com.br\/blog\/wp-json\/wp\/v2\/types\/post"}],"author":[{"embeddable":true,"href":"https:\/\/totidiversidade.com.br\/blog\/wp-json\/wp\/v2\/users\/1"}],"replies":[{"embeddable":true,"href":"https:\/\/totidiversidade.com.br\/blog\/wp-json\/wp\/v2\/comments?post=7433"}],"version-history":[{"count":34,"href":"https:\/\/totidiversidade.com.br\/blog\/wp-json\/wp\/v2\/posts\/7433\/revisions"}],"predecessor-version":[{"id":9657,"href":"https:\/\/totidiversidade.com.br\/blog\/wp-json\/wp\/v2\/posts\/7433\/revisions\/9657"}],"wp:featuredmedia":[{"embeddable":true,"href":"https:\/\/totidiversidade.com.br\/blog\/wp-json\/wp\/v2\/media\/7434"}],"wp:attachment":[{"href":"https:\/\/totidiversidade.com.br\/blog\/wp-json\/wp\/v2\/media?parent=7433"}],"wp:term":[{"taxonomy":"category","embeddable":true,"href":"https:\/\/totidiversidade.com.br\/blog\/wp-json\/wp\/v2\/categories?post=7433"},{"taxonomy":"post_tag","embeddable":true,"href":"https:\/\/totidiversidade.com.br\/blog\/wp-json\/wp\/v2\/tags?post=7433"}],"curies":[{"name":"wp","href":"https:\/\/api.w.org\/{rel}","templated":true}]}}