{"id":7446,"date":"2024-01-29T03:00:00","date_gmt":"2024-01-29T06:00:00","guid":{"rendered":"https:\/\/blog.totidiversidade.com.br\/tendencias-de-rh-para-2024\/"},"modified":"2026-03-20T10:54:43","modified_gmt":"2026-03-20T13:54:43","slug":"tendencias-de-rh-para-2024","status":"publish","type":"post","link":"https:\/\/totidiversidade.com.br\/blog\/tendencias-de-rh-para-2024\/","title":{"rendered":"Tend\u00eancias de RH para 2024: saiba quais estrat\u00e9gias adotar em sua empresa"},"content":{"rendered":"<div id=\"bsf_rt_marker\"><\/div>\t\t<div data-elementor-type=\"wp-post\" data-elementor-id=\"7446\" class=\"elementor elementor-7446\" data-elementor-post-type=\"post\">\n\t\t\t\t<div class=\"elementor-element elementor-element-34860895 e-flex e-con-boxed e-con e-parent\" data-id=\"34860895\" data-element_type=\"container\">\n\t\t\t\t\t<div class=\"e-con-inner\">\n\t\t\t\t<div class=\"elementor-element elementor-element-15e555ef elementor-widget elementor-widget-text-editor\" data-id=\"15e555ef\" data-element_type=\"widget\" data-widget_type=\"text-editor.default\">\n\t\t\t\t<div class=\"elementor-widget-container\">\n\t\t\t\t\t\t\t\t\t\n<figure class=\"wp-block-image aligncenter size-large\"><img decoding=\"async\" class=\"wp-image-1040\" src=\"https:\/\/totidiversidade.com.br\/blog\/wp-content\/uploads\/2024\/07\/tendencias-de-rh-para-2024-capa-1024x576.jpg\" alt=\"Duas pessoas est\u00e3o sentadas. Uma delas est\u00e1 com um notebook e mostra \u00e0 outra a sua tela. Ambos parecem estar em um ambiente corporativo.\" \/>\n<figcaption class=\"wp-element-caption\">Profissional de RH do Hospital Albert Einstein e profissional formado pela Toti trabalham juntos.<\/figcaption>\n<\/figure>\n\n<p>As tend\u00eancias de RH s\u00e3o atualizadas a cada ano. A evolu\u00e7\u00e3o acontece, principalmente, por mudan\u00e7as da sociedade e da tecnologia.\u00a0<\/p>\n\n<p>Nesse cen\u00e1rio, \u00e9 fundamental que as empresas estejam atentas \u00e0s necessidades do mercado para promover ambientes de trabalho eficientes e produtivos.\u00a0<\/p>\n\n<p>Desde a experi\u00eancia da pessoa candidata at\u00e9 o uso da intelig\u00eancia artificial, vamos abordar neste conte\u00fado as principais tend\u00eancias de RH para 2024.\u00a0<\/p>\n\n<h2 class=\"wp-block-heading\">Por que acompanhar as tend\u00eancias de RH?<\/h2>\n\n<p>Acompanhar as tend\u00eancias de recursos humanos proporciona uma vantagem competitiva significativa no mercado de trabalho.\u00a0<\/p>\n\n<p>Isso porque as organiza\u00e7\u00f5es que se mant\u00eam atualizadas sobre as novidades da \u00e1rea conseguem otimizar seus processos e se posicionar como uma refer\u00eancia de marca empregadora.\u00a0<\/p>\n\n<p>Por outro lado, negligenciar as novas pr\u00e1ticas pode, ao longo do tempo, resultar no desinteresse de novos talentos em rela\u00e7\u00e3o \u00e0 empresa.<\/p>\n\n<p>Al\u00e9m disso, esse acompanhamento das tend\u00eancias de RH contribui para uma melhor performance na gest\u00e3o de talentos.\u00a0<\/p>\n\n<p>Afinal, as pessoas colaboradoras desejam permanecer em empresas inovadoras e alinhadas com as transforma\u00e7\u00f5es do mercado.<\/p>\n\n<h2 class=\"wp-block-heading\">13 tend\u00eancias de RH para 2024<\/h2>\n\n<h3 class=\"wp-block-heading has-text-color\" style=\"color: #3d265e;\">Employer branding<\/h3>\n\n<p>O <a href=\"https:\/\/totidiversidade.com.br\/blog\/employer-branding\/\" target=\"_blank\" rel=\"noreferrer noopener\">employer branding<\/a> consiste em posicionar uma organiza\u00e7\u00e3o como um bom lugar para trabalhar.\u00a0<\/p>\n\n<p>Para isso, s\u00e3o feitas uma s\u00e9rie de a\u00e7\u00f5es de comunica\u00e7\u00e3o para ressaltar os pontos atraentes da marca. O objetivo \u00e9 atrair, reter e engajar talentos.\u00a0<\/p>\n\n<p>Essa estrat\u00e9gia promete ser ainda mais importante em 2024.\u00a0<\/p>\n\n<h3 class=\"wp-block-heading has-text-color\" style=\"color: #3d265e;\">Experi\u00eancia da pessoa candidata (candidate experience)<\/h3>\n\n<p>Essa tend\u00eancia destaca a import\u00e2ncia da experi\u00eancia da pessoa candidata, abrangendo todas as intera\u00e7\u00f5es que ela teve com a organiza\u00e7\u00e3o.<\/p>\n\n<p>Uma experi\u00eancia positiva, desde o primeiro contato, influencia diretamente na percep\u00e7\u00e3o que o profissional tem da empresa.\u00a0<\/p>\n\n<p>Independente de ser ou n\u00e3o selecionada, a pessoa candidata tende a se sentir valorizada e mais engajada \u2014 o que \u00e9 essencial para manter a reputa\u00e7\u00e3o da marca empregadora.\u00a0<\/p>\n\n<h3 class=\"wp-block-heading has-text-color\" style=\"color: #3d265e;\">Uso da intelig\u00eancia artificial<\/h3>\n\n<p>A intelig\u00eancia artificial (IA) j\u00e1 \u00e9 uma grande aliada no processo seletivo e na escolha de novos talentos.\u00a0<\/p>\n\n<p>O uso da IA possibilita a automa\u00e7\u00e3o de diversas tarefas da \u00e1rea de RH, acelerando o processo de recrutamento.\u00a0<\/p>\n\n<p>A proje\u00e7\u00e3o \u00e9 que para os pr\u00f3ximos anos sejam utilizadas ferramentas ATS, do ingl\u00eas Applicant Tracking System (Sistema de Rastreamento de Candidatos, em portugues).\u00a0<\/p>\n\n<p>Essas plataformas garantem mais agilidade nos processos de divulga\u00e7\u00e3o de vagas, triagem de curr\u00edculos e sele\u00e7\u00e3o de profissionais.\u00a0<\/p>\n\n<h3 class=\"wp-block-heading has-text-color\" style=\"color: #3d265e;\">RH mobile<\/h3>\n\n<p>O RH mobile \u00e9 uma tend\u00eancia que utiliza dispositivos m\u00f3veis para realizar atividades do setor de recursos humanos.\u00a0<\/p>\n\n<p>Essas opera\u00e7\u00f5es podem ser o recrutamento, a avalia\u00e7\u00e3o de desempenho, o controle de ponto, entre outras fun\u00e7\u00f5es.\u00a0<\/p>\n\n<p>Essa pr\u00e1tica proporciona maior flexibilidade, liberdade e agilidade aos profissionais da \u00e1rea de recursos humanos.\u00a0<\/p>\n\n<h3 class=\"wp-block-heading has-text-color\" style=\"color: #3d265e;\">Gamifica\u00e7\u00e3o\u00a0<\/h3>\n\n<p>A gamifica\u00e7\u00e3o \u00e9 uma das tend\u00eancias de RH para 2024. Esse \u00e9 um termo que representa a utiliza\u00e7\u00e3o de din\u00e2mica de jogos para ajudar profissionais a aprenderem sobre um determinado assunto.\u00a0<\/p>\n\n<p>Essa t\u00e1tica tem o objetivo de criar experi\u00eancias de aprendizado mais envolventes e motivadoras, quebrando a monotonia dos m\u00e9todos convencionais de treinamento.\u00a0<\/p>\n\n<h3 class=\"wp-block-heading has-text-color\" style=\"color: #3d265e;\">Diversidade e inclus\u00e3o<\/h3>\n\n<p>O investimento em <a href=\"https:\/\/totidiversidade.com.br\/blog\/diversidade-e-inclusao-nas-empresas\/\" target=\"_blank\" rel=\"noreferrer noopener\">diversidade e inclus\u00e3o<\/a> tende a aumentar para os pr\u00f3ximos anos.\u00a0<\/p>\n\n<p>A presen\u00e7a de indiv\u00edduos plurais em uma organiza\u00e7\u00e3o promove maior criatividade e agilidade na resolu\u00e7\u00e3o de problemas.\u00a0<\/p>\n\n<p>Al\u00e9m disso, faz parte da responsabilidade social empresarial construir ambientes de trabalho acolhedores.\u00a0<\/p>\n\n<p>A Toti possui um Banco de Talentos ideal para companhias que desejam recrutar talentos diversificados. <a href=\"https:\/\/totidiversidade.com.br\/banco-de-talentos-diversidade\/\" target=\"_blank\" rel=\"noreferrer noopener\">Clique aqui<\/a> para conhecer.\u00a0<\/p>\n\n<h3 class=\"wp-block-heading has-text-color\" style=\"color: #3d265e;\">People analytics<\/h3>\n\n<p>O conceito de people analytics consiste na an\u00e1lise de pessoas por meio de dados coletados. Essa estrat\u00e9gia permite o acompanhamento do engajamento, produtividade e satisfa\u00e7\u00e3o das pessoas colaboradoras.\u00a0\u00a0\u00a0<\/p>\n\n<p>Em an\u00e1lises mais avan\u00e7adas, \u00e9 poss\u00edvel at\u00e9 mesmo prever eventos futuros, como um pedido de demiss\u00e3o.\u00a0<\/p>\n\n<p>Dessa forma, \u00e9 vi\u00e1vel realizar uma gest\u00e3o de talentos mais eficiente. Por isso, o people analytics deve ser ainda mais utilizado.\u00a0<\/p>\n\n<h3 class=\"wp-block-heading has-text-color\" style=\"color: #3d265e;\">Vagas inclusivas<\/h3>\n\n<p>A a\u00e7\u00e3o de <a href=\"https:\/\/totidiversidade.com.br\/blog\/descricao-de-cargo-inclusiva\/\" target=\"_blank\" rel=\"noreferrer noopener\">descri\u00e7\u00f5es de vagas inclusivas<\/a> n\u00e3o s\u00f3 atrai profissionais diversos, como tamb\u00e9m fomenta um ambiente de trabalho enriquecedor e equitativo.<\/p>\n\n<p>Essa tend\u00eancia tamb\u00e9m fortalece a imagem da empresa como um espa\u00e7o receptivo a todas as pessoas, independentemente de suas caracter\u00edsticas.<\/p>\n\n<p>Embora j\u00e1 observemos muitas empresas implementando essa pr\u00e1tica, \u00e9 previsto que um n\u00famero crescente de organiza\u00e7\u00f5es reconhe\u00e7a a necessidade dessa abordagem.\u00a0<\/p>\n\n<h3 class=\"wp-block-heading has-text-color\" style=\"color: #3d265e;\">Recrutamento sem vieses\u00a0<\/h3>\n\n<p><a href=\"https:\/\/totidiversidade.com.br\/blog\/vieses-inconscientes\/\" target=\"_blank\" rel=\"noreferrer noopener\">Vieses inconscientes<\/a> s\u00e3o, basicamente, associa\u00e7\u00f5es que o c\u00e9rebro produz com base em estere\u00f3tipos.\u00a0<\/p>\n\n<p>Evitar vieses na hora do recrutamento \u00e9 essencial para garantir decis\u00f5es fundamentadas nas experi\u00eancias e habilidades da pessoa candidata.\u00a0<\/p>\n\n<p>Assim, \u00e9 poss\u00edvel ter um processo seletivo imparcial e promover oportunidades justas para todos.\u00a0<\/p>\n\n<h3 class=\"wp-block-heading has-text-color\" style=\"color: #3d265e;\">Foco em bem-estar e sa\u00fade mental<\/h3>\n\n<p>A qualidade de vida da equipe ser\u00e1 prioridade nos ambientes de trabalho. Al\u00e9m de gerar profissionais mais satisfeitos e produtivos, esse cuidado contribui para a reten\u00e7\u00e3o e atra\u00e7\u00e3o de talentos.\u00a0<\/p>\n\n<p>Para isso, a empresa pode implementar iniciativas como parcerias com academias, acesso a profissionais de sa\u00fade e \u00e1reas de descanso no escrit\u00f3rio.<\/p>\n\n<h3 class=\"wp-block-heading has-text-color\" style=\"color: #3d265e;\">Trabalho remoto ou h\u00edbrido\u00a0<\/h3>\n\n<p>Os profissionais no mercado de trabalho est\u00e3o, cada vez mais, em busca de autonomia. O\u00a0aumento do interesse por pol\u00edticas flex\u00edveis de trabalho amplia a procura por vagas remotas ou h\u00edbridas. A tend\u00eancia se intensificou durante a pandemia e deve continuar em expans\u00e3o.\u00a0<\/p>\n\n<figure class=\"wp-block-image aligncenter size-large\">\n<figure id=\"attachment_9252\" aria-describedby=\"caption-attachment-9252\" style=\"width: 600px\" class=\"wp-caption aligncenter\"><img fetchpriority=\"high\" decoding=\"async\" class=\"wp-image-9252\" src=\"https:\/\/totidiversidade.com.br\/blog\/wp-content\/uploads\/2025\/07\/toticatalaogo2-9-scaled.jpg\" alt=\"Profissional da Toti Diversidade trabalhando remotamente com notebook\" width=\"600\" height=\"400\" srcset=\"https:\/\/totidiversidade.com.br\/blog\/wp-content\/uploads\/2025\/07\/toticatalaogo2-9-scaled.jpg 2560w, https:\/\/totidiversidade.com.br\/blog\/wp-content\/uploads\/2025\/07\/toticatalaogo2-9-300x200.jpg 300w\" sizes=\"(max-width: 600px) 100vw, 600px\" \/><figcaption id=\"caption-attachment-9252\" class=\"wp-caption-text\">Trabalho remoto \u00e9 uma das principais tend\u00eancias de RH para 2024, promovendo flexibilidade e produtividade.<\/figcaption><\/figure>\n<\/figure>\n\n<h3 class=\"wp-block-heading has-text-color\" style=\"color: #3d265e;\">Desenvolvimento e aprendizado cont\u00ednuo<\/h3>\n\n<p>O investimento no aprendizado cont\u00ednuo permanece relevante para manter a equipe engajada e atualizada sobre as novidades do mercado.\u00a0<\/p>\n\n<p>Por isso, programas de capacita\u00e7\u00e3o ser\u00e3o ainda mais importantes para o sucesso de uma organiza\u00e7\u00e3o.\u00a0<\/p>\n\n<h3 class=\"wp-block-heading has-text-color\" style=\"color: #3d265e;\">Treinamento on-line<\/h3>\n\n<p>E por falar em capacita\u00e7\u00e3o, os treinamentos on-line s\u00e3o uma excelente maneira de qualificar sua equipe.<\/p>\n\n<p>Esse formato permite flexibilidade de locais e hor\u00e1rios aos profissionais, al\u00e9m de reduzir tempo e custos de deslocamento. V\u00e1rias empresas j\u00e1 est\u00e3o usando esse novo m\u00e9todo para potencializar seus times.<\/p>\n\n<h2 class=\"wp-block-heading\">E o que esperar dos pr\u00f3ximos anos?<\/h2>\n\n<p>O futuro dos recursos humanos \u00e9 promissor. As estrat\u00e9gias devem continuar concentradas na experi\u00eancia do profissional e na ado\u00e7\u00e3o de tecnologias avan\u00e7adas.\u00a0<\/p>\n\n<p>Espera-se que a an\u00e1lise de dados e a intelig\u00eancia artificial desempenhem pap\u00e9is\u00a0importantes no recrutamento e treinamento de talentos.<\/p>\n\n<p>Como observamos, as novas tend\u00eancias de RH permitem a valoriza\u00e7\u00e3o das empresas e das pessoas candidatas. A expectativa \u00e9 que elas sejam aprimoradas, buscando criar equipes cada vez mais completas.<\/p>\n\t\t\t\t\t\t\t\t<\/div>\n\t\t\t\t<\/div>\n\t\t\t\t\t<\/div>\n\t\t\t\t<\/div>\n\t\t\t\t<\/div>\n\t\t","protected":false},"excerpt":{"rendered":"<p>Conhe\u00e7a as principais tend\u00eancias de RH para 2024 e mantenha sua empresa atualizada de acordo com as demandas do mercado.<\/p>\n","protected":false},"author":2,"featured_media":7447,"comment_status":"closed","ping_status":"closed","sticky":false,"template":"","format":"standard","meta":{"footnotes":""},"categories":[13],"tags":[182],"class_list":["post-7446","post","type-post","status-publish","format-standard","has-post-thumbnail","hentry","category-gestao-de-talentos","tag-banner-lateral-banco-de-diversidade"],"yoast_head":"<!-- This site is optimized with the Yoast SEO plugin v25.7 - https:\/\/yoast.com\/wordpress\/plugins\/seo\/ -->\n<title>13 principais tend\u00eancias de RH para 2024<\/title>\n<meta name=\"description\" content=\"Conhe\u00e7a as principais tend\u00eancias de RH para 2024 e mantenha sua empresa atualizada de acordo com as demandas do mercado.\" \/>\n<meta name=\"robots\" content=\"index, follow, max-snippet:-1, max-image-preview:large, max-video-preview:-1\" \/>\n<link rel=\"canonical\" href=\"https:\/\/totidiversidade.com.br\/blog\/tendencias-de-rh-para-2024\/\" \/>\n<meta property=\"og:locale\" content=\"pt_BR\" \/>\n<meta property=\"og:type\" content=\"article\" \/>\n<meta property=\"og:title\" content=\"13 principais tend\u00eancias de RH para 2024\" \/>\n<meta property=\"og:description\" content=\"Conhe\u00e7a as principais tend\u00eancias de RH para 2024 e mantenha sua empresa atualizada de acordo com as demandas do mercado.\" \/>\n<meta property=\"og:url\" content=\"https:\/\/totidiversidade.com.br\/blog\/tendencias-de-rh-para-2024\/\" \/>\n<meta property=\"og:site_name\" content=\"Blog Diversidade e ESG | Toti\" \/>\n<meta property=\"article:published_time\" content=\"2024-01-29T06:00:00+00:00\" \/>\n<meta property=\"article:modified_time\" content=\"2026-03-20T13:54:43+00:00\" \/>\n<meta name=\"author\" content=\"Matheus Queiroz\" \/>\n<meta name=\"twitter:card\" content=\"summary_large_image\" \/>\n<meta name=\"twitter:image\" content=\"https:\/\/totidiversidade.com.br\/blog\/wp-content\/uploads\/2024\/07\/tendencias-de-rh-para-2024-capa.jpg\" \/>\n<meta name=\"twitter:label1\" content=\"Escrito por\" \/>\n\t<meta name=\"twitter:data1\" content=\"Matheus Queiroz\" \/>\n\t<meta name=\"twitter:label2\" content=\"Est. tempo de leitura\" \/>\n\t<meta name=\"twitter:data2\" content=\"7 minutos\" \/>\n<script type=\"application\/ld+json\" class=\"yoast-schema-graph\">{\"@context\":\"https:\/\/schema.org\",\"@graph\":[{\"@type\":\"WebPage\",\"@id\":\"https:\/\/totidiversidade.com.br\/blog\/tendencias-de-rh-para-2024\/\",\"url\":\"https:\/\/totidiversidade.com.br\/blog\/tendencias-de-rh-para-2024\/\",\"name\":\"13 principais tend\u00eancias de RH para 2024\",\"isPartOf\":{\"@id\":\"https:\/\/totidiversidade.com.br\/blog\/#website\"},\"primaryImageOfPage\":{\"@id\":\"https:\/\/totidiversidade.com.br\/blog\/tendencias-de-rh-para-2024\/#primaryimage\"},\"image\":{\"@id\":\"https:\/\/totidiversidade.com.br\/blog\/tendencias-de-rh-para-2024\/#primaryimage\"},\"thumbnailUrl\":\"https:\/\/totidiversidade.com.br\/blog\/wp-content\/uploads\/2024\/07\/tendencias-de-rh-para-2024-capa.jpg\",\"datePublished\":\"2024-01-29T06:00:00+00:00\",\"dateModified\":\"2026-03-20T13:54:43+00:00\",\"author\":{\"@id\":\"https:\/\/totidiversidade.com.br\/blog\/#\/schema\/person\/7b57e349432aaeb909b6d6c058e7a8c1\"},\"description\":\"Conhe\u00e7a as principais tend\u00eancias de RH para 2024 e mantenha sua empresa atualizada de acordo com as demandas do mercado.\",\"breadcrumb\":{\"@id\":\"https:\/\/totidiversidade.com.br\/blog\/tendencias-de-rh-para-2024\/#breadcrumb\"},\"inLanguage\":\"pt-BR\",\"potentialAction\":[{\"@type\":\"ReadAction\",\"target\":[\"https:\/\/totidiversidade.com.br\/blog\/tendencias-de-rh-para-2024\/\"]}]},{\"@type\":\"ImageObject\",\"inLanguage\":\"pt-BR\",\"@id\":\"https:\/\/totidiversidade.com.br\/blog\/tendencias-de-rh-para-2024\/#primaryimage\",\"url\":\"https:\/\/totidiversidade.com.br\/blog\/wp-content\/uploads\/2024\/07\/tendencias-de-rh-para-2024-capa.jpg\",\"contentUrl\":\"https:\/\/totidiversidade.com.br\/blog\/wp-content\/uploads\/2024\/07\/tendencias-de-rh-para-2024-capa.jpg\",\"width\":1080,\"height\":608,\"caption\":\"Duas pessoas est\u00e3o sentadas. Uma delas est\u00e1 com um notebook e mostra \u00e0 outra a sua tela. Ambos parecem estar em um ambiente corporativo.\"},{\"@type\":\"BreadcrumbList\",\"@id\":\"https:\/\/totidiversidade.com.br\/blog\/tendencias-de-rh-para-2024\/#breadcrumb\",\"itemListElement\":[{\"@type\":\"ListItem\",\"position\":1,\"name\":\"In\u00edcio\",\"item\":\"https:\/\/totidiversidade.com.br\/blog\/\"},{\"@type\":\"ListItem\",\"position\":2,\"name\":\"Tend\u00eancias de RH para 2024: saiba quais estrat\u00e9gias adotar em sua empresa\"}]},{\"@type\":\"WebSite\",\"@id\":\"https:\/\/totidiversidade.com.br\/blog\/#website\",\"url\":\"https:\/\/totidiversidade.com.br\/blog\/\",\"name\":\"Blog Toti Diversidade\",\"description\":\"Leia no blog da TOTI sobre diversidade, ESG e inclus\u00e3o de refugiados no mercado de tecnologia. Conte\u00fado que transforma empresas e vidas.\",\"alternateName\":\"Blog Toti\",\"potentialAction\":[{\"@type\":\"SearchAction\",\"target\":{\"@type\":\"EntryPoint\",\"urlTemplate\":\"https:\/\/totidiversidade.com.br\/blog\/?s={search_term_string}\"},\"query-input\":{\"@type\":\"PropertyValueSpecification\",\"valueRequired\":true,\"valueName\":\"search_term_string\"}}],\"inLanguage\":\"pt-BR\"},{\"@type\":\"Person\",\"@id\":\"https:\/\/totidiversidade.com.br\/blog\/#\/schema\/person\/7b57e349432aaeb909b6d6c058e7a8c1\",\"name\":\"Matheus Queiroz\",\"image\":{\"@type\":\"ImageObject\",\"inLanguage\":\"pt-BR\",\"@id\":\"https:\/\/totidiversidade.com.br\/blog\/#\/schema\/person\/image\/\",\"url\":\"https:\/\/secure.gravatar.com\/avatar\/f72f9c49772b9ff0d2da43b214f4b087b4c79c72439766997cb2d3b11cea4386?s=96&d=mm&r=g\",\"contentUrl\":\"https:\/\/secure.gravatar.com\/avatar\/f72f9c49772b9ff0d2da43b214f4b087b4c79c72439766997cb2d3b11cea4386?s=96&d=mm&r=g\",\"caption\":\"Matheus Queiroz\"},\"sameAs\":[\"https:\/\/matheusqueirozds.dev\/\"],\"url\":\"https:\/\/totidiversidade.com.br\/blog\/author\/matheusqueirozds\/\"}]}<\/script>\n<!-- \/ Yoast SEO plugin. -->","yoast_head_json":{"title":"13 principais tend\u00eancias de RH para 2024","description":"Conhe\u00e7a as principais tend\u00eancias de RH para 2024 e mantenha sua empresa atualizada de acordo com as demandas do mercado.","robots":{"index":"index","follow":"follow","max-snippet":"max-snippet:-1","max-image-preview":"max-image-preview:large","max-video-preview":"max-video-preview:-1"},"canonical":"https:\/\/totidiversidade.com.br\/blog\/tendencias-de-rh-para-2024\/","og_locale":"pt_BR","og_type":"article","og_title":"13 principais tend\u00eancias de RH para 2024","og_description":"Conhe\u00e7a as principais tend\u00eancias de RH para 2024 e mantenha sua empresa atualizada de acordo com as demandas do mercado.","og_url":"https:\/\/totidiversidade.com.br\/blog\/tendencias-de-rh-para-2024\/","og_site_name":"Blog Diversidade e ESG | Toti","article_published_time":"2024-01-29T06:00:00+00:00","article_modified_time":"2026-03-20T13:54:43+00:00","author":"Matheus Queiroz","twitter_card":"summary_large_image","twitter_image":"https:\/\/totidiversidade.com.br\/blog\/wp-content\/uploads\/2024\/07\/tendencias-de-rh-para-2024-capa.jpg","twitter_misc":{"Escrito por":"Matheus Queiroz","Est. tempo de leitura":"7 minutos"},"schema":{"@context":"https:\/\/schema.org","@graph":[{"@type":"WebPage","@id":"https:\/\/totidiversidade.com.br\/blog\/tendencias-de-rh-para-2024\/","url":"https:\/\/totidiversidade.com.br\/blog\/tendencias-de-rh-para-2024\/","name":"13 principais tend\u00eancias de RH para 2024","isPartOf":{"@id":"https:\/\/totidiversidade.com.br\/blog\/#website"},"primaryImageOfPage":{"@id":"https:\/\/totidiversidade.com.br\/blog\/tendencias-de-rh-para-2024\/#primaryimage"},"image":{"@id":"https:\/\/totidiversidade.com.br\/blog\/tendencias-de-rh-para-2024\/#primaryimage"},"thumbnailUrl":"https:\/\/totidiversidade.com.br\/blog\/wp-content\/uploads\/2024\/07\/tendencias-de-rh-para-2024-capa.jpg","datePublished":"2024-01-29T06:00:00+00:00","dateModified":"2026-03-20T13:54:43+00:00","author":{"@id":"https:\/\/totidiversidade.com.br\/blog\/#\/schema\/person\/7b57e349432aaeb909b6d6c058e7a8c1"},"description":"Conhe\u00e7a as principais tend\u00eancias de RH para 2024 e mantenha sua empresa atualizada de acordo com as demandas do mercado.","breadcrumb":{"@id":"https:\/\/totidiversidade.com.br\/blog\/tendencias-de-rh-para-2024\/#breadcrumb"},"inLanguage":"pt-BR","potentialAction":[{"@type":"ReadAction","target":["https:\/\/totidiversidade.com.br\/blog\/tendencias-de-rh-para-2024\/"]}]},{"@type":"ImageObject","inLanguage":"pt-BR","@id":"https:\/\/totidiversidade.com.br\/blog\/tendencias-de-rh-para-2024\/#primaryimage","url":"https:\/\/totidiversidade.com.br\/blog\/wp-content\/uploads\/2024\/07\/tendencias-de-rh-para-2024-capa.jpg","contentUrl":"https:\/\/totidiversidade.com.br\/blog\/wp-content\/uploads\/2024\/07\/tendencias-de-rh-para-2024-capa.jpg","width":1080,"height":608,"caption":"Duas pessoas est\u00e3o sentadas. Uma delas est\u00e1 com um notebook e mostra \u00e0 outra a sua tela. Ambos parecem estar em um ambiente corporativo."},{"@type":"BreadcrumbList","@id":"https:\/\/totidiversidade.com.br\/blog\/tendencias-de-rh-para-2024\/#breadcrumb","itemListElement":[{"@type":"ListItem","position":1,"name":"In\u00edcio","item":"https:\/\/totidiversidade.com.br\/blog\/"},{"@type":"ListItem","position":2,"name":"Tend\u00eancias de RH para 2024: saiba quais estrat\u00e9gias adotar em sua empresa"}]},{"@type":"WebSite","@id":"https:\/\/totidiversidade.com.br\/blog\/#website","url":"https:\/\/totidiversidade.com.br\/blog\/","name":"Blog Toti Diversidade","description":"Leia no blog da TOTI sobre diversidade, ESG e inclus\u00e3o de refugiados no mercado de tecnologia. Conte\u00fado que transforma empresas e vidas.","alternateName":"Blog Toti","potentialAction":[{"@type":"SearchAction","target":{"@type":"EntryPoint","urlTemplate":"https:\/\/totidiversidade.com.br\/blog\/?s={search_term_string}"},"query-input":{"@type":"PropertyValueSpecification","valueRequired":true,"valueName":"search_term_string"}}],"inLanguage":"pt-BR"},{"@type":"Person","@id":"https:\/\/totidiversidade.com.br\/blog\/#\/schema\/person\/7b57e349432aaeb909b6d6c058e7a8c1","name":"Matheus Queiroz","image":{"@type":"ImageObject","inLanguage":"pt-BR","@id":"https:\/\/totidiversidade.com.br\/blog\/#\/schema\/person\/image\/","url":"https:\/\/secure.gravatar.com\/avatar\/f72f9c49772b9ff0d2da43b214f4b087b4c79c72439766997cb2d3b11cea4386?s=96&d=mm&r=g","contentUrl":"https:\/\/secure.gravatar.com\/avatar\/f72f9c49772b9ff0d2da43b214f4b087b4c79c72439766997cb2d3b11cea4386?s=96&d=mm&r=g","caption":"Matheus Queiroz"},"sameAs":["https:\/\/matheusqueirozds.dev\/"],"url":"https:\/\/totidiversidade.com.br\/blog\/author\/matheusqueirozds\/"}]}},"_links":{"self":[{"href":"https:\/\/totidiversidade.com.br\/blog\/wp-json\/wp\/v2\/posts\/7446","targetHints":{"allow":["GET"]}}],"collection":[{"href":"https:\/\/totidiversidade.com.br\/blog\/wp-json\/wp\/v2\/posts"}],"about":[{"href":"https:\/\/totidiversidade.com.br\/blog\/wp-json\/wp\/v2\/types\/post"}],"author":[{"embeddable":true,"href":"https:\/\/totidiversidade.com.br\/blog\/wp-json\/wp\/v2\/users\/2"}],"replies":[{"embeddable":true,"href":"https:\/\/totidiversidade.com.br\/blog\/wp-json\/wp\/v2\/comments?post=7446"}],"version-history":[{"count":14,"href":"https:\/\/totidiversidade.com.br\/blog\/wp-json\/wp\/v2\/posts\/7446\/revisions"}],"predecessor-version":[{"id":9818,"href":"https:\/\/totidiversidade.com.br\/blog\/wp-json\/wp\/v2\/posts\/7446\/revisions\/9818"}],"wp:featuredmedia":[{"embeddable":true,"href":"https:\/\/totidiversidade.com.br\/blog\/wp-json\/wp\/v2\/media\/7447"}],"wp:attachment":[{"href":"https:\/\/totidiversidade.com.br\/blog\/wp-json\/wp\/v2\/media?parent=7446"}],"wp:term":[{"taxonomy":"category","embeddable":true,"href":"https:\/\/totidiversidade.com.br\/blog\/wp-json\/wp\/v2\/categories?post=7446"},{"taxonomy":"post_tag","embeddable":true,"href":"https:\/\/totidiversidade.com.br\/blog\/wp-json\/wp\/v2\/tags?post=7446"}],"curies":[{"name":"wp","href":"https:\/\/api.w.org\/{rel}","templated":true}]}}