{"id":8212,"date":"2024-10-14T10:00:00","date_gmt":"2024-10-14T13:00:00","guid":{"rendered":"https:\/\/totidiversidade.com.br\/blog\/?p=8212"},"modified":"2026-03-20T11:05:08","modified_gmt":"2026-03-20T14:05:08","slug":"como-promover-a-comunicacao-inclusiva-no-local-de-trabalho","status":"publish","type":"post","link":"https:\/\/totidiversidade.com.br\/blog\/como-promover-a-comunicacao-inclusiva-no-local-de-trabalho\/","title":{"rendered":"Como promover a comunica\u00e7\u00e3o inclusiva no local de trabalho"},"content":{"rendered":"<div id=\"bsf_rt_marker\"><\/div>\t\t<div data-elementor-type=\"wp-post\" data-elementor-id=\"8212\" class=\"elementor elementor-8212\" data-elementor-post-type=\"post\">\n\t\t\t\t<div class=\"elementor-element elementor-element-41415dc1 e-flex e-con-boxed e-con e-parent\" data-id=\"41415dc1\" data-element_type=\"container\">\n\t\t\t\t\t<div class=\"e-con-inner\">\n\t\t\t\t<div class=\"elementor-element elementor-element-a179f04 elementor-widget elementor-widget-image\" data-id=\"a179f04\" data-element_type=\"widget\" data-widget_type=\"image.default\">\n\t\t\t\t<div class=\"elementor-widget-container\">\n\t\t\t\t\t\t\t\t\t\t\t\t\t\t\t<img fetchpriority=\"high\" decoding=\"async\" width=\"800\" height=\"532\" src=\"https:\/\/totidiversidade.com.br\/blog\/wp-content\/uploads\/2025\/07\/Toti-Conecta-41-scaled.jpg\" class=\"attachment-large size-large wp-image-9213\" alt=\"Mulher segurando microfone durante palestra sobre comunica\u00e7\u00e3o inclusiva no ambiente de trabalho.\" srcset=\"https:\/\/totidiversidade.com.br\/blog\/wp-content\/uploads\/2025\/07\/Toti-Conecta-41-scaled.jpg 2560w, https:\/\/totidiversidade.com.br\/blog\/wp-content\/uploads\/2025\/07\/Toti-Conecta-41-300x199.jpg 300w\" sizes=\"(max-width: 800px) 100vw, 800px\" \/>\t\t\t\t\t\t\t\t\t\t\t\t\t\t\t<\/div>\n\t\t\t\t<\/div>\n\t\t\t\t<div class=\"elementor-element elementor-element-7e0963f6 elementor-widget elementor-widget-text-editor\" data-id=\"7e0963f6\" data-element_type=\"widget\" data-widget_type=\"text-editor.default\">\n\t\t\t\t<div class=\"elementor-widget-container\">\n\t\t\t\t\t\t\t\t\t<p><br \/>No ambiente corporativo, \u00e9 comum encontrarmos vieses na comunica\u00e7\u00e3o que podem, mesmo de forma n\u00e3o intencional, excluir determinados grupos ou pessoas colaboradoras. Para combater esse problema, \u00e9 necess\u00e1rio promover a comunica\u00e7\u00e3o inclusiva no local de trabalho.<\/p>\n<p><!-- \/wp:paragraph --><\/p>\n<p><!-- wp:paragraph --><\/p>\n<p>Tratar todos com cortesia e respeito \u00e9 uma pr\u00e1tica que fortalece as rela\u00e7\u00f5es no ambiente de trabalho. Por isso, \u00e9 importante adotar pequenas mudan\u00e7as que promovam um tratamento mais inclusivo, garantindo que todos os colaboradores se sintam respeitados e valorizados.<\/p>\n<p><!-- \/wp:paragraph --><\/p>\n<p><!-- wp:paragraph --><\/p>\n<p>Neste artigo, mostraremos a import\u00e2ncia da comunica\u00e7\u00e3o inclusiva, seja ela oral, gestual ou visual. Abordaremos seu conceito, sua relev\u00e2ncia dentro do ambiente de trabalho e os reflexos que essa forma de comunica\u00e7\u00e3o pode gerar nas equipes, nos colaboradores e na empresa.<\/p>\n<h2>O que \u00e9 comunica\u00e7\u00e3o inclusiva?\u00a0<\/h2>\n<p>A comunica\u00e7\u00e3o inclusiva \u00e9 uma abordagem que visa proporcionar a cada indiv\u00edduo uma experi\u00eancia de total compreens\u00e3o das mensagens, garantindo que todas as pessoas, independentemente de suas caracter\u00edsticas, tenham acesso \u00e0s informa\u00e7\u00f5es de maneira igualit\u00e1ria e inclusiva.<\/p>\n<p>Ela \u00e9 respons\u00e1vel por desconstruir as barreiras que dificultam ou impedem o entendimento e a participa\u00e7\u00e3o de determinados grupos, principalmente no que se refere \u00e0 etnia, ra\u00e7a, cultura, g\u00eanero, idade, orienta\u00e7\u00e3o sexual e defici\u00eancias. Para garantir que todas as pessoas fa\u00e7am parte de todo o processo comunicacional &#8211; envio, recebimento e compreens\u00e3o das informa\u00e7\u00f5es &#8211;\u00a0\u00e9 usada a comunica\u00e7\u00e3o inclusiva.\u00a0<\/p>\n<p>Al\u00e9m disso, esse tipo de comunica\u00e7\u00e3o se preocupa com a utiliza\u00e7\u00e3o de linguagem inclusiva, eliminando termos e express\u00f5es que possam ser preconceituosos ou capacitistas.\u00a0<\/p>\n<p>Vale destacar que a comunica\u00e7\u00e3o inclusiva n\u00e3o se limita \u00e0s linguagens escrita ou verbal. Ela abrange uma variedade de formas de comunica\u00e7\u00e3o, como textos claros e de f\u00e1cil compreens\u00e3o, \u00e1udios detalhados para atender aqueles que n\u00e3o podem ler, v\u00eddeos com interpreta\u00e7\u00e3o em linguagem de sinais, entre outros recursos. Esses elementos garantem que a informa\u00e7\u00e3o seja acess\u00edvel a todos, independentemente de suas capacidades ou caracter\u00edsticas individuais.<\/p>\n<p><!-- \/wp:paragraph --><\/p>\n<p><!-- wp:heading --><\/p>\n<h2 class=\"wp-block-heading\">Qual a import\u00e2ncia da comunica\u00e7\u00e3o inclusiva?\u00a0<\/h2>\n<p><!-- \/wp:heading --><\/p>\n<p><!-- wp:paragraph --><\/p>\n<p>A comunica\u00e7\u00e3o inclusiva n\u00e3o \u00e9 somente uma ferramenta utilizada para ampliar a compreens\u00e3o, ela vai al\u00e9m disso. Ela garante que todas as pessoas sejam tratadas com respeito e tenham acesso igualit\u00e1rio \u00e0 informa\u00e7\u00e3o, independentemente de suas caracter\u00edsticas. Al\u00e9m disso, assegura que as mensagens sejam transmitidas de forma clara, concisa e acess\u00edvel a todos.<\/p>\n<p><!-- \/wp:paragraph --><\/p>\n<p><!-- wp:paragraph --><\/p>\n<p>Ela promove inclus\u00e3o e equidade, reconhecendo que as pessoas s\u00e3o diversas e precisam ser inclu\u00eddas em todos os processos de comunica\u00e7\u00e3o. Prop\u00f5e maior engajamento de grupos minorizados que, muitas vezes, n\u00e3o se sentem compreendidos. Promove a acessibilidade para todas as pessoas, independentemente de suas capacidades f\u00edsicas ou cognitivas, estimulando assim a inclus\u00e3o social de todos.<\/p>\n<p><!-- \/wp:paragraph --><\/p>\n<p><!-- wp:paragraph --><\/p>\n<p>Ela \u00e9 capaz de restaurar la\u00e7os entre diferentes grupos, combatendo o isolamento de indiv\u00edduos, que muitas vezes ocorre quando n\u00e3o s\u00e3o compreendidos ou n\u00e3o conseguem compreender. Em outras palavras, a comunica\u00e7\u00e3o inclusiva promove a inclus\u00e3o e o entendimento amplo e m\u00fatuo, conectando pessoas e ajudando a tornar a sociedade mais justa e participativa.<\/p>\n<p><!-- \/wp:paragraph --><\/p>\n<p><!-- wp:heading --><\/p>\n<h2 class=\"wp-block-heading\">Quais os principais impactos da comunica\u00e7\u00e3o inclusiva nas empresas?\u00a0<\/h2>\n<p><!-- \/wp:heading --><\/p>\n<p><!-- wp:paragraph --><\/p>\n<p>Dentro de uma empresa, o recebimento e o envio de informa\u00e7\u00f5es s\u00e3o constantes, e, quando cada um dos envolvidos tem a possibilidade de participar efetivamente da troca de mensagens, seu rendimento profissional tende a crescer em paralelo \u00e0 sua satisfa\u00e7\u00e3o pessoal.\u00a0<\/p>\n<p><!-- \/wp:paragraph --><\/p>\n<p><!-- wp:paragraph --><\/p>\n<p>Dessa forma, a implementa\u00e7\u00e3o de uma comunica\u00e7\u00e3o inclusiva pode ser determinante para a abertura a novas ideias e maior colabora\u00e7\u00e3o de todos.<\/p>\n<p><!-- \/wp:paragraph --><\/p>\n<p><!-- wp:paragraph --><\/p>\n<p>Al\u00e9m disso, ao adotar abordagens mais inclusivas, os projetos podem ser melhor conduzidos, e a intera\u00e7\u00e3o entre equipes se torna mais f\u00e1cil. Estimular todos a participarem dos processos aumenta as sensa\u00e7\u00f5es de acolhimento e inclus\u00e3o no ambiente de trabalho, gerando uma maior conex\u00e3o entre as pessoas colaboradoras e a empresa.<\/p>\n<p><!-- \/wp:paragraph --><\/p>\n<p><!-- wp:paragraph --><\/p>\n<p>Em uma equipe diversa, que se comunica bem, as diferentes viv\u00eancias e pontos de vista podem funcionar como uma nova forma de encontrar solu\u00e7\u00f5es criativas para quest\u00f5es cotidianas.<\/p>\n<p><!-- \/wp:paragraph --><\/p>\n<p><!-- wp:heading --><\/p>\n<h2 class=\"wp-block-heading\">Caracter\u00edsticas de uma comunica\u00e7\u00e3o inclusiva eficaz\u00a0<\/h2>\n<p><!-- \/wp:heading --><\/p>\n<p><!-- wp:paragraph --><\/p>\n<p>Organiza\u00e7\u00f5es que j\u00e1 praticam a comunica\u00e7\u00e3o inclusiva fazem parte da lista de empresas\u00a0 que oferecem a seus colaboradores, independentemente de origem, condi\u00e7\u00f5es f\u00edsicas, etnia, ra\u00e7a, g\u00eanero ou orienta\u00e7\u00e3o sexual, uma linguagem clara, objetiva e de f\u00e1cil compreens\u00e3o, pois respeitam todos que participam de suas equipes.<\/p>\n<p><!-- \/wp:paragraph --><\/p>\n<p><!-- wp:paragraph --><\/p>\n<p>S\u00e3o corpora\u00e7\u00f5es que oferecem um ambiente mais acolhedor, onde se permite a cada um dos seus funcion\u00e1rios um lugar de fala. As opini\u00f5es s\u00e3o bem aceitas e, quando a narrativa individual \u00e9 valorizada e compreendida, isso se reflete na coes\u00e3o das equipes e no engajamento dos colaboradores com a empresa e seus colegas.<\/p>\n<p><!-- \/wp:paragraph --><\/p>\n<p><!-- wp:paragraph --><\/p>\n<p>Confira abaixo algumas das caracter\u00edsticas que ajudam a promover uma comunica\u00e7\u00e3o inclusiva eficaz:<\/p>\n<p><!-- \/wp:paragraph --><\/p>\n<p><!-- wp:list --><\/p>\n<ul class=\"wp-block-list\">\n<li style=\"list-style-type: none;\">\n<ul class=\"wp-block-list\"><!-- wp:list-item --><\/ul>\n<\/li>\n<\/ul>\n<ul class=\"wp-block-list\">\n<li style=\"list-style-type: none;\">\n<ul class=\"wp-block-list\">\n<li>Uso de linguagem neutra e respeitosa, evitando termos pejorativos ou discriminat\u00f3rios;<\/li>\n<\/ul>\n<\/li>\n<\/ul>\n<p><!-- \/wp:list-item --><\/p>\n<p><!-- wp:list-item --><\/p>\n<ul class=\"wp-block-list\">\n<li style=\"list-style-type: none;\">\n<ul class=\"wp-block-list\">\n<li>Comunica\u00e7\u00e3o clara e direta, evitando jarg\u00f5es ou termos t\u00e9cnicos desnecess\u00e1rios;<\/li>\n<\/ul>\n<\/li>\n<\/ul>\n<p><!-- \/wp:list-item --><\/p>\n<p><!-- wp:list-item --><\/p>\n<ul class=\"wp-block-list\">\n<li style=\"list-style-type: none;\">\n<ul class=\"wp-block-list\">\n<li>Disponibiliza\u00e7\u00e3o de alternativas como textos em braille, legendas em v\u00eddeos, audiodescri\u00e7\u00e3o ou vers\u00f5es em linguagem de sinais para alcan\u00e7ar pessoas com defici\u00eancia visual, auditiva ou cognitiva;<\/li>\n<\/ul>\n<\/li>\n<\/ul>\n<p><!-- \/wp:list-item --><\/p>\n<p><!-- wp:list-item --><\/p>\n<ul class=\"wp-block-list\">\n<li style=\"list-style-type: none;\">\n<ul class=\"wp-block-list\">\n<li>Garantia da livre express\u00e3o de opini\u00f5es e ideias;<\/li>\n<\/ul>\n<\/li>\n<\/ul>\n<p><!-- \/wp:list-item --><\/p>\n<p><!-- wp:list-item --><\/p>\n<ul class=\"wp-block-list\">\n<li style=\"list-style-type: none;\">\n<ul class=\"wp-block-list\">\n<li>Elimina\u00e7\u00e3o de generaliza\u00e7\u00f5es e estere\u00f3tipos.<\/li>\n<\/ul>\n<\/li>\n<\/ul>\n<p><!-- \/wp:list-item --><\/p>\n<p><!-- \/wp:list --><\/p>\n<p><!-- wp:heading --><\/p>\n<h2 class=\"wp-block-heading\">Como implementar a comunica\u00e7\u00e3o inclusiva nos ambientes de trabalho\u00a0<\/h2>\n<p><!-- \/wp:heading --><\/p>\n<p><!-- wp:paragraph --><\/p>\n<p>A comunica\u00e7\u00e3o inclusiva precisa ser adotada, como o pr\u00f3prio nome sugere, de forma a incluir todos, desde as lideran\u00e7as at\u00e9 as pessoas colaboradoras, estabelecendo essa pr\u00e1tica como obrigat\u00f3ria dentro do ambiente corporativo. Se voc\u00ea est\u00e1 se perguntando como isso pode ser feito, aqui est\u00e3o algumas sugest\u00f5es:<\/p>\n<p><!-- \/wp:paragraph --><\/p>\n<p><!-- wp:heading {\"level\":3} --><\/p>\n<h3 class=\"wp-block-heading\">Implemente workshops educativos<\/h3>\n<p><!-- \/wp:heading --><\/p>\n<p><!-- wp:paragraph --><\/p>\n<p>A realiza\u00e7\u00e3o de campanhas educativas \u00e9 fundamental para conscientizar os colaboradores sobre pr\u00e1ticas de inclus\u00e3o. Por meio de <a href=\"https:\/\/totidiversidade.com.br\/palestras-para-empresas\/\" target=\"_blank\" rel=\"noreferrer noopener\">palestras e workshops<\/a> com profissionais, \u00e9 poss\u00edvel aprender a se comunicar de maneira respeitosa, al\u00e9m de reconhecer e evitar comportamentos discriminat\u00f3rios em rela\u00e7\u00e3o a diferentes grupos minorizados.\u00a0<\/p>\n<p><!-- \/wp:paragraph --><\/p>\n<p><!-- wp:heading {\"level\":3} --><\/p>\n<h3 class=\"wp-block-heading\">Realize a contrata\u00e7\u00e3o de pessoas com defici\u00eancia e insira-as nas discuss\u00f5es sobre comunica\u00e7\u00e3o\u00a0<\/h3>\n<p><!-- \/wp:heading --><\/p>\n<p><!-- wp:paragraph --><\/p>\n<p>Ao dar voz a quem enfrenta os desafios de uma comunica\u00e7\u00e3o n\u00e3o inclusiva, a empresa promove um entendimento mais profundo das barreiras existentes e se prepara para reduzir os impactos negativos dessas diferen\u00e7as na vida das pessoas. Para aprofundar essa compreens\u00e3o, organize debates sobre como a aus\u00eancia de uma comunica\u00e7\u00e3o inclusiva pode prejudicar tanto indiv\u00edduos quanto equipes inteiras. Afinal, as organiza\u00e7\u00f5es devem estar alinhadas \u00e0s necessidades individuais de cada colaborador.<\/p>\n<p><!-- \/wp:paragraph --><\/p>\n<p><!-- wp:heading {\"level\":3} --><\/p>\n<h3 class=\"wp-block-heading\">Evite qualquer forma de capacitismo\u00a0<\/h3>\n<p><!-- \/wp:heading --><\/p>\n<p><!-- wp:paragraph --><\/p>\n<p>Para evitar o capacitismo, \u00e9 necess\u00e1rio priorizar uma comunica\u00e7\u00e3o inclusiva e genu\u00edna, livre de qualquer forma de discrimina\u00e7\u00e3o. Atitudes capacitistas s\u00e3o uma das principais causas de desconforto para pessoas com defici\u00eancia, que desejam ser tratadas com equidade e respeito, e n\u00e3o apenas como um gesto simb\u00f3lico em nome da inclus\u00e3o e da justi\u00e7a social. Garantir que informa\u00e7\u00f5es estejam dispon\u00edveis em braille e Libras, por exemplo, \u00e9 uma pr\u00e1tica inclusiva essencial na comunica\u00e7\u00e3o organizacional. Al\u00e9m disso, \u00e9 importante utilizar uma linguagem que seja acess\u00edvel e respeitosa para todos, evitando termos que possam excluir qualquer grupo.<\/p>\n<p><!-- \/wp:paragraph --><\/p>\n<p><!-- wp:heading {\"level\":3} --><\/p>\n<h3 class=\"wp-block-heading\">Conte com ferramentas e empresas para auxiliar nesse processo\u00a0<\/h3>\n<p><!-- \/wp:heading --><\/p>\n<p><!-- wp:paragraph --><\/p>\n<p>Nem sempre promover o uso de uma comunica\u00e7\u00e3o inclusiva \u00e9 uma tarefa f\u00e1cil e, nesses casos, o melhor \u00e9 contar com ajuda especializada. Muitas institui\u00e7\u00f5es possuem profissionais com experi\u00eancia nesse tipo de solu\u00e7\u00e3o e podem ajudar no enriquecimento da comunica\u00e7\u00e3o empresarial, promovendo assim a <a href=\"https:\/\/totidiversidade.com.br\/blog\/diversidade-e-inclusao-nas-empresas\/\" target=\"_blank\" rel=\"noreferrer noopener\">diversidade e inclus\u00e3o no ambiente organizacional<\/a>.\u00a0<\/p>\n<p><!-- \/wp:paragraph --><\/p>\n<p><!-- wp:heading {\"level\":3} --><\/p>\n<h3 class=\"wp-block-heading\">Troque feedbacks sobre as mudan\u00e7as<\/h3>\n<p><!-- \/wp:heading --><\/p>\n<p><!-- wp:paragraph --><\/p>\n<p>A ado\u00e7\u00e3o de um modelo de comunica\u00e7\u00e3o inclusiva \u00e9 um processo cont\u00ednuo, focado em promover mudan\u00e7as positivas e aprimorar a qualidade do envio e recebimento de mensagens no ambiente corporativo. Por isso, \u00e9 importante considerar as opini\u00f5es daqueles que est\u00e3o envolvidos nessas mudan\u00e7as e oferecer \u00e0s pessoas colaboradoras e \u00e0 lideran\u00e7a feedbacks constantes sobre como essa implementa\u00e7\u00e3o tem afetado as equipes e o sentimento que cada um tem em rela\u00e7\u00e3o ao novo m\u00e9todo de comunica\u00e7\u00e3o.<\/p>\n<p><!-- \/wp:paragraph --><\/p>\n<p><!-- wp:paragraph --><\/p>\n<p>A diversidade e a inclus\u00e3o enriquecem o ambiente corporativo, e observar, respeitar e celebrar as diferen\u00e7as de cada colaborador \u00e9 o que faz de uma empresa verdadeiramente inclusiva e diversa, e a comunica\u00e7\u00e3o inclusiva ajuda a tornar tudo isso poss\u00edvel.<\/p>\n<p><!-- \/wp:paragraph --><\/p>\t\t\t\t\t\t\t\t<\/div>\n\t\t\t\t<\/div>\n\t\t\t\t\t<\/div>\n\t\t\t\t<\/div>\n\t\t\t\t<\/div>\n\t\t","protected":false},"excerpt":{"rendered":"<p>Aprenda a implementar a comunica\u00e7\u00e3o inclusiva no local de trabalho, promovendo respeito e valoriza\u00e7\u00e3o de todos os colaboradores.<\/p>\n","protected":false},"author":6,"featured_media":9213,"comment_status":"closed","ping_status":"closed","sticky":false,"template":"","format":"standard","meta":{"footnotes":""},"categories":[1],"tags":[182],"class_list":["post-8212","post","type-post","status-publish","format-standard","has-post-thumbnail","hentry","category-diversidade-e-esg","tag-banner-lateral-banco-de-diversidade"],"yoast_head":"<!-- This site is optimized with the Yoast SEO plugin v25.7 - https:\/\/yoast.com\/wordpress\/plugins\/seo\/ -->\n<title>[Guia] Comunica\u00e7\u00e3o inclusiva para empresas: dicas e cuidados<\/title>\n<meta name=\"description\" content=\"Descubra como promover uma comunica\u00e7\u00e3o inclusiva no trabalho, respeitando diversidade e promovendo a valoriza\u00e7\u00e3o de todos os colaboradores. Saiba mais!\" \/>\n<meta name=\"robots\" content=\"index, follow, max-snippet:-1, max-image-preview:large, max-video-preview:-1\" \/>\n<link rel=\"canonical\" href=\"https:\/\/totidiversidade.com.br\/blog\/como-promover-a-comunicacao-inclusiva-no-local-de-trabalho\/\" \/>\n<meta property=\"og:locale\" content=\"pt_BR\" \/>\n<meta property=\"og:type\" content=\"article\" \/>\n<meta property=\"og:title\" content=\"[Guia] Comunica\u00e7\u00e3o inclusiva para empresas: dicas e cuidados\" \/>\n<meta property=\"og:description\" content=\"Descubra como promover uma comunica\u00e7\u00e3o inclusiva no trabalho, respeitando diversidade e promovendo a valoriza\u00e7\u00e3o de todos os colaboradores. Saiba mais!\" \/>\n<meta property=\"og:url\" content=\"https:\/\/totidiversidade.com.br\/blog\/como-promover-a-comunicacao-inclusiva-no-local-de-trabalho\/\" \/>\n<meta property=\"og:site_name\" content=\"Blog Diversidade e ESG | Toti\" \/>\n<meta property=\"article:published_time\" content=\"2024-10-14T13:00:00+00:00\" \/>\n<meta property=\"article:modified_time\" content=\"2026-03-20T14:05:08+00:00\" \/>\n<meta property=\"og:image\" content=\"https:\/\/totidiversidade.com.br\/blog\/wp-content\/uploads\/2025\/07\/Toti-Conecta-41-scaled.jpg\" \/>\n\t<meta property=\"og:image:width\" content=\"2560\" \/>\n\t<meta property=\"og:image:height\" content=\"1702\" \/>\n\t<meta property=\"og:image:type\" content=\"image\/jpeg\" \/>\n<meta name=\"author\" content=\"Optimiza\" \/>\n<meta name=\"twitter:card\" content=\"summary_large_image\" \/>\n<meta name=\"twitter:label1\" content=\"Escrito por\" \/>\n\t<meta name=\"twitter:data1\" content=\"Optimiza\" \/>\n\t<meta name=\"twitter:label2\" content=\"Est. tempo de leitura\" \/>\n\t<meta name=\"twitter:data2\" content=\"8 minutos\" \/>\n<script type=\"application\/ld+json\" class=\"yoast-schema-graph\">{\"@context\":\"https:\/\/schema.org\",\"@graph\":[{\"@type\":\"WebPage\",\"@id\":\"https:\/\/totidiversidade.com.br\/blog\/como-promover-a-comunicacao-inclusiva-no-local-de-trabalho\/\",\"url\":\"https:\/\/totidiversidade.com.br\/blog\/como-promover-a-comunicacao-inclusiva-no-local-de-trabalho\/\",\"name\":\"[Guia] Comunica\u00e7\u00e3o inclusiva para empresas: dicas e cuidados\",\"isPartOf\":{\"@id\":\"https:\/\/totidiversidade.com.br\/blog\/#website\"},\"primaryImageOfPage\":{\"@id\":\"https:\/\/totidiversidade.com.br\/blog\/como-promover-a-comunicacao-inclusiva-no-local-de-trabalho\/#primaryimage\"},\"image\":{\"@id\":\"https:\/\/totidiversidade.com.br\/blog\/como-promover-a-comunicacao-inclusiva-no-local-de-trabalho\/#primaryimage\"},\"thumbnailUrl\":\"https:\/\/totidiversidade.com.br\/blog\/wp-content\/uploads\/2025\/07\/Toti-Conecta-41-scaled.jpg\",\"datePublished\":\"2024-10-14T13:00:00+00:00\",\"dateModified\":\"2026-03-20T14:05:08+00:00\",\"author\":{\"@id\":\"https:\/\/totidiversidade.com.br\/blog\/#\/schema\/person\/38251fd9f07fc43bfa5d3a0d0b463af0\"},\"description\":\"Descubra como promover uma comunica\u00e7\u00e3o inclusiva no trabalho, respeitando diversidade e promovendo a valoriza\u00e7\u00e3o de todos os colaboradores. Saiba mais!\",\"breadcrumb\":{\"@id\":\"https:\/\/totidiversidade.com.br\/blog\/como-promover-a-comunicacao-inclusiva-no-local-de-trabalho\/#breadcrumb\"},\"inLanguage\":\"pt-BR\",\"potentialAction\":[{\"@type\":\"ReadAction\",\"target\":[\"https:\/\/totidiversidade.com.br\/blog\/como-promover-a-comunicacao-inclusiva-no-local-de-trabalho\/\"]}]},{\"@type\":\"ImageObject\",\"inLanguage\":\"pt-BR\",\"@id\":\"https:\/\/totidiversidade.com.br\/blog\/como-promover-a-comunicacao-inclusiva-no-local-de-trabalho\/#primaryimage\",\"url\":\"https:\/\/totidiversidade.com.br\/blog\/wp-content\/uploads\/2025\/07\/Toti-Conecta-41-scaled.jpg\",\"contentUrl\":\"https:\/\/totidiversidade.com.br\/blog\/wp-content\/uploads\/2025\/07\/Toti-Conecta-41-scaled.jpg\",\"width\":2560,\"height\":1702,\"caption\":\"Palestra sobre como aplicar a comunica\u00e7\u00e3o inclusiva nas empresas.\"},{\"@type\":\"BreadcrumbList\",\"@id\":\"https:\/\/totidiversidade.com.br\/blog\/como-promover-a-comunicacao-inclusiva-no-local-de-trabalho\/#breadcrumb\",\"itemListElement\":[{\"@type\":\"ListItem\",\"position\":1,\"name\":\"In\u00edcio\",\"item\":\"https:\/\/totidiversidade.com.br\/blog\/\"},{\"@type\":\"ListItem\",\"position\":2,\"name\":\"Como promover a comunica\u00e7\u00e3o inclusiva no local de trabalho\"}]},{\"@type\":\"WebSite\",\"@id\":\"https:\/\/totidiversidade.com.br\/blog\/#website\",\"url\":\"https:\/\/totidiversidade.com.br\/blog\/\",\"name\":\"Blog Toti Diversidade\",\"description\":\"Leia no blog da TOTI sobre diversidade, ESG e inclus\u00e3o de refugiados no mercado de tecnologia. Conte\u00fado que transforma empresas e vidas.\",\"alternateName\":\"Blog Toti\",\"potentialAction\":[{\"@type\":\"SearchAction\",\"target\":{\"@type\":\"EntryPoint\",\"urlTemplate\":\"https:\/\/totidiversidade.com.br\/blog\/?s={search_term_string}\"},\"query-input\":{\"@type\":\"PropertyValueSpecification\",\"valueRequired\":true,\"valueName\":\"search_term_string\"}}],\"inLanguage\":\"pt-BR\"},{\"@type\":\"Person\",\"@id\":\"https:\/\/totidiversidade.com.br\/blog\/#\/schema\/person\/38251fd9f07fc43bfa5d3a0d0b463af0\",\"name\":\"Optimiza\",\"image\":{\"@type\":\"ImageObject\",\"inLanguage\":\"pt-BR\",\"@id\":\"https:\/\/totidiversidade.com.br\/blog\/#\/schema\/person\/image\/\",\"url\":\"https:\/\/secure.gravatar.com\/avatar\/8b98a6971690516917324eb59cbdc255f53d20d7d444f83cbcb6186eabcc3a84?s=96&d=mm&r=g\",\"contentUrl\":\"https:\/\/secure.gravatar.com\/avatar\/8b98a6971690516917324eb59cbdc255f53d20d7d444f83cbcb6186eabcc3a84?s=96&d=mm&r=g\",\"caption\":\"Optimiza\"},\"url\":\"https:\/\/totidiversidade.com.br\/blog\/author\/optimiza\/\"}]}<\/script>\n<!-- \/ Yoast SEO plugin. -->","yoast_head_json":{"title":"[Guia] Comunica\u00e7\u00e3o inclusiva para empresas: dicas e cuidados","description":"Descubra como promover uma comunica\u00e7\u00e3o inclusiva no trabalho, respeitando diversidade e promovendo a valoriza\u00e7\u00e3o de todos os colaboradores. Saiba mais!","robots":{"index":"index","follow":"follow","max-snippet":"max-snippet:-1","max-image-preview":"max-image-preview:large","max-video-preview":"max-video-preview:-1"},"canonical":"https:\/\/totidiversidade.com.br\/blog\/como-promover-a-comunicacao-inclusiva-no-local-de-trabalho\/","og_locale":"pt_BR","og_type":"article","og_title":"[Guia] Comunica\u00e7\u00e3o inclusiva para empresas: dicas e cuidados","og_description":"Descubra como promover uma comunica\u00e7\u00e3o inclusiva no trabalho, respeitando diversidade e promovendo a valoriza\u00e7\u00e3o de todos os colaboradores. Saiba mais!","og_url":"https:\/\/totidiversidade.com.br\/blog\/como-promover-a-comunicacao-inclusiva-no-local-de-trabalho\/","og_site_name":"Blog Diversidade e ESG | Toti","article_published_time":"2024-10-14T13:00:00+00:00","article_modified_time":"2026-03-20T14:05:08+00:00","og_image":[{"width":2560,"height":1702,"url":"https:\/\/totidiversidade.com.br\/blog\/wp-content\/uploads\/2025\/07\/Toti-Conecta-41-scaled.jpg","type":"image\/jpeg"}],"author":"Optimiza","twitter_card":"summary_large_image","twitter_misc":{"Escrito por":"Optimiza","Est. tempo de leitura":"8 minutos"},"schema":{"@context":"https:\/\/schema.org","@graph":[{"@type":"WebPage","@id":"https:\/\/totidiversidade.com.br\/blog\/como-promover-a-comunicacao-inclusiva-no-local-de-trabalho\/","url":"https:\/\/totidiversidade.com.br\/blog\/como-promover-a-comunicacao-inclusiva-no-local-de-trabalho\/","name":"[Guia] Comunica\u00e7\u00e3o inclusiva para empresas: dicas e cuidados","isPartOf":{"@id":"https:\/\/totidiversidade.com.br\/blog\/#website"},"primaryImageOfPage":{"@id":"https:\/\/totidiversidade.com.br\/blog\/como-promover-a-comunicacao-inclusiva-no-local-de-trabalho\/#primaryimage"},"image":{"@id":"https:\/\/totidiversidade.com.br\/blog\/como-promover-a-comunicacao-inclusiva-no-local-de-trabalho\/#primaryimage"},"thumbnailUrl":"https:\/\/totidiversidade.com.br\/blog\/wp-content\/uploads\/2025\/07\/Toti-Conecta-41-scaled.jpg","datePublished":"2024-10-14T13:00:00+00:00","dateModified":"2026-03-20T14:05:08+00:00","author":{"@id":"https:\/\/totidiversidade.com.br\/blog\/#\/schema\/person\/38251fd9f07fc43bfa5d3a0d0b463af0"},"description":"Descubra como promover uma comunica\u00e7\u00e3o inclusiva no trabalho, respeitando diversidade e promovendo a valoriza\u00e7\u00e3o de todos os colaboradores. Saiba mais!","breadcrumb":{"@id":"https:\/\/totidiversidade.com.br\/blog\/como-promover-a-comunicacao-inclusiva-no-local-de-trabalho\/#breadcrumb"},"inLanguage":"pt-BR","potentialAction":[{"@type":"ReadAction","target":["https:\/\/totidiversidade.com.br\/blog\/como-promover-a-comunicacao-inclusiva-no-local-de-trabalho\/"]}]},{"@type":"ImageObject","inLanguage":"pt-BR","@id":"https:\/\/totidiversidade.com.br\/blog\/como-promover-a-comunicacao-inclusiva-no-local-de-trabalho\/#primaryimage","url":"https:\/\/totidiversidade.com.br\/blog\/wp-content\/uploads\/2025\/07\/Toti-Conecta-41-scaled.jpg","contentUrl":"https:\/\/totidiversidade.com.br\/blog\/wp-content\/uploads\/2025\/07\/Toti-Conecta-41-scaled.jpg","width":2560,"height":1702,"caption":"Palestra sobre como aplicar a comunica\u00e7\u00e3o inclusiva nas empresas."},{"@type":"BreadcrumbList","@id":"https:\/\/totidiversidade.com.br\/blog\/como-promover-a-comunicacao-inclusiva-no-local-de-trabalho\/#breadcrumb","itemListElement":[{"@type":"ListItem","position":1,"name":"In\u00edcio","item":"https:\/\/totidiversidade.com.br\/blog\/"},{"@type":"ListItem","position":2,"name":"Como promover a comunica\u00e7\u00e3o inclusiva no local de trabalho"}]},{"@type":"WebSite","@id":"https:\/\/totidiversidade.com.br\/blog\/#website","url":"https:\/\/totidiversidade.com.br\/blog\/","name":"Blog Toti Diversidade","description":"Leia no blog da TOTI sobre diversidade, ESG e inclus\u00e3o de refugiados no mercado de tecnologia. Conte\u00fado que transforma empresas e vidas.","alternateName":"Blog Toti","potentialAction":[{"@type":"SearchAction","target":{"@type":"EntryPoint","urlTemplate":"https:\/\/totidiversidade.com.br\/blog\/?s={search_term_string}"},"query-input":{"@type":"PropertyValueSpecification","valueRequired":true,"valueName":"search_term_string"}}],"inLanguage":"pt-BR"},{"@type":"Person","@id":"https:\/\/totidiversidade.com.br\/blog\/#\/schema\/person\/38251fd9f07fc43bfa5d3a0d0b463af0","name":"Optimiza","image":{"@type":"ImageObject","inLanguage":"pt-BR","@id":"https:\/\/totidiversidade.com.br\/blog\/#\/schema\/person\/image\/","url":"https:\/\/secure.gravatar.com\/avatar\/8b98a6971690516917324eb59cbdc255f53d20d7d444f83cbcb6186eabcc3a84?s=96&d=mm&r=g","contentUrl":"https:\/\/secure.gravatar.com\/avatar\/8b98a6971690516917324eb59cbdc255f53d20d7d444f83cbcb6186eabcc3a84?s=96&d=mm&r=g","caption":"Optimiza"},"url":"https:\/\/totidiversidade.com.br\/blog\/author\/optimiza\/"}]}},"_links":{"self":[{"href":"https:\/\/totidiversidade.com.br\/blog\/wp-json\/wp\/v2\/posts\/8212","targetHints":{"allow":["GET"]}}],"collection":[{"href":"https:\/\/totidiversidade.com.br\/blog\/wp-json\/wp\/v2\/posts"}],"about":[{"href":"https:\/\/totidiversidade.com.br\/blog\/wp-json\/wp\/v2\/types\/post"}],"author":[{"embeddable":true,"href":"https:\/\/totidiversidade.com.br\/blog\/wp-json\/wp\/v2\/users\/6"}],"replies":[{"embeddable":true,"href":"https:\/\/totidiversidade.com.br\/blog\/wp-json\/wp\/v2\/comments?post=8212"}],"version-history":[{"count":28,"href":"https:\/\/totidiversidade.com.br\/blog\/wp-json\/wp\/v2\/posts\/8212\/revisions"}],"predecessor-version":[{"id":9842,"href":"https:\/\/totidiversidade.com.br\/blog\/wp-json\/wp\/v2\/posts\/8212\/revisions\/9842"}],"wp:featuredmedia":[{"embeddable":true,"href":"https:\/\/totidiversidade.com.br\/blog\/wp-json\/wp\/v2\/media\/9213"}],"wp:attachment":[{"href":"https:\/\/totidiversidade.com.br\/blog\/wp-json\/wp\/v2\/media?parent=8212"}],"wp:term":[{"taxonomy":"category","embeddable":true,"href":"https:\/\/totidiversidade.com.br\/blog\/wp-json\/wp\/v2\/categories?post=8212"},{"taxonomy":"post_tag","embeddable":true,"href":"https:\/\/totidiversidade.com.br\/blog\/wp-json\/wp\/v2\/tags?post=8212"}],"curies":[{"name":"wp","href":"https:\/\/api.w.org\/{rel}","templated":true}]}}