{"id":8496,"date":"2025-02-03T11:00:00","date_gmt":"2025-02-03T14:00:00","guid":{"rendered":"https:\/\/totidiversidade.com.br\/blog\/?p=8496"},"modified":"2025-11-04T09:48:46","modified_gmt":"2025-11-04T12:48:46","slug":"comunicacao-nao-violenta-e-clima-organizacional","status":"publish","type":"post","link":"https:\/\/totidiversidade.com.br\/blog\/comunicacao-nao-violenta-e-clima-organizacional\/","title":{"rendered":"Estrat\u00e9gias para promover a comunica\u00e7\u00e3o n\u00e3o violenta e melhorar o clima organizacional"},"content":{"rendered":"<div id=\"bsf_rt_marker\"><\/div>\t\t<div data-elementor-type=\"wp-post\" data-elementor-id=\"8496\" class=\"elementor elementor-8496\" data-elementor-post-type=\"post\">\n\t\t\t\t<div class=\"elementor-element elementor-element-2309ac06 e-flex e-con-boxed e-con e-parent\" data-id=\"2309ac06\" data-element_type=\"container\">\n\t\t\t\t\t<div class=\"e-con-inner\">\n\t\t\t\t<div class=\"elementor-element elementor-element-3a44c77 elementor-widget elementor-widget-image\" data-id=\"3a44c77\" data-element_type=\"widget\" data-widget_type=\"image.default\">\n\t\t\t\t<div class=\"elementor-widget-container\">\n\t\t\t\t\t\t\t\t\t\t\t\t<figure class=\"wp-caption\">\n\t\t\t\t\t\t\t\t\t\t<img fetchpriority=\"high\" decoding=\"async\" width=\"800\" height=\"534\" src=\"https:\/\/totidiversidade.com.br\/blog\/wp-content\/uploads\/2025\/02\/comunicacao-nao-violenta-1024x683.jpg\" class=\"attachment-large size-large wp-image-8497\" alt=\"Grupo de pessoas conversando em torno de uma mesa, cada um usando suas anota\u00e7\u00f5es e laptops para uma reuni\u00e3o\" srcset=\"https:\/\/totidiversidade.com.br\/blog\/wp-content\/uploads\/2025\/02\/comunicacao-nao-violenta-1024x683.jpg 1024w, https:\/\/totidiversidade.com.br\/blog\/wp-content\/uploads\/2025\/02\/comunicacao-nao-violenta-300x200.jpg 300w, https:\/\/totidiversidade.com.br\/blog\/wp-content\/uploads\/2025\/02\/comunicacao-nao-violenta-768x512.jpg 768w, https:\/\/totidiversidade.com.br\/blog\/wp-content\/uploads\/2025\/02\/comunicacao-nao-violenta.jpg 1080w\" sizes=\"(max-width: 800px) 100vw, 800px\" \/>\t\t\t\t\t\t\t\t\t\t\t<figcaption class=\"widget-image-caption wp-caption-text\">A comunica\u00e7\u00e3o n\u00e3o violenta promove colabora\u00e7\u00e3o e respeito no trabalho<\/figcaption>\n\t\t\t\t\t\t\t\t\t\t<\/figure>\n\t\t\t\t\t\t\t\t\t<\/div>\n\t\t\t\t<\/div>\n\t\t\t\t<div class=\"elementor-element elementor-element-195598a9 elementor-widget elementor-widget-text-editor\" data-id=\"195598a9\" data-element_type=\"widget\" data-widget_type=\"text-editor.default\">\n\t\t\t\t<div class=\"elementor-widget-container\">\n\t\t\t\t\t\t\t\t\t\n<p>\u00a0<\/p>\n<p>A comunica\u00e7\u00e3o \u00e9 uma ferramenta fundamental no nosso dia a dia. Mas voc\u00ea j\u00e1 parou para se perguntar de que forma ela \u00e9 feita? A comunica\u00e7\u00e3o n\u00e3o violenta \u00e9 uma forma de melhorar rela\u00e7\u00f5es, e, dentro do ambiente organizacional, \u00e9 um recurso que precisa ser difundido e utilizado.<\/p>\n\n<p>Dentro de uma empresa, \u00e9 preciso tomar certos cuidados com a maneira de se comunicar, garantindo clareza, gentileza, empatia e acolhimento. \u00c9 a comunica\u00e7\u00e3o n\u00e3o violenta, ou CNV, que propicia um conv\u00edvio mais harmonioso e evita uma s\u00e9rie de desentendimentos e crises.<\/p>\n\n<p>Neste artigo, vamos conceituar a comunica\u00e7\u00e3o n\u00e3o violenta, explicar quais s\u00e3o os seus pilares, demonstrar de forma pr\u00e1tica como ela deve ser implementada em ambientes empresariais e citar algumas das vantagens em utiliz\u00e1-la.<\/p>\n\n<h2 class=\"wp-block-heading\">O que \u00e9 a comunica\u00e7\u00e3o n\u00e3o violenta?<\/h2>\n\n<p>A comunica\u00e7\u00e3o n\u00e3o violenta pode ser considerada uma pr\u00e1tica eficaz para a constru\u00e7\u00e3o e manuten\u00e7\u00e3o de relacionamentos pessoais e profissionais, cujo\u00a0 foco \u00e9 a parceria, compreens\u00e3o e empatia.<\/p>\n\n<p>A CNV \u00e9 caracterizada por pequenos detalhes e seus pontos de aten\u00e7\u00e3o, e, por meio deles, \u00e9 poss\u00edvel ser compreendido e tamb\u00e9m compreender o que as pessoas t\u00eam a dizer, de forma eficaz.<\/p>\n\n<p>Apesar de n\u00e3o haver uma f\u00f3rmula pronta para a comunica\u00e7\u00e3o n\u00e3o violenta, ela \u00e9 uma habilidade que visa criar conex\u00f5es mais humanas, evitar conflitos e desentendimentos, aumentar a capacidade de se comunicar com clareza e de forma assertiva.<\/p>\n\n<h2 class=\"wp-block-heading\">Como surgiu o conceito de comunica\u00e7\u00e3o n\u00e3o violenta?<\/h2>\n\n<p>O conceito de comunica\u00e7\u00e3o n\u00e3o violenta e sua metodologia te\u00f3rica come\u00e7aram a ser difundidos em meados da d\u00e9cada de 60 e foram introduzidos por um psic\u00f3logo de origem norte-americana chamado Marshall Rosenberg.<\/p>\n\n<p>Rosenberg utilizou como par\u00e2metros as habilidades sociais e as condutas de resist\u00eancia n\u00e3o-violentas de renomadas lideran\u00e7as espirituais como Martin Luther King e Gandhi, como um recurso capaz de modificar completamente a realidade violenta de injusti\u00e7as e segrega\u00e7\u00e3o racial que caracterizava a \u00e9poca.<\/p>\n\n<p>Sua fun\u00e7\u00e3o como psic\u00f3logo e orientador educacional era ensinar uma forma de comunica\u00e7\u00e3o mais branda a pessoas que enfrentavam uma realidade \u00e1rdua e cercada por discrimina\u00e7\u00f5es e discursos de \u00f3dio.<\/p>\n\n<h2 class=\"wp-block-heading\">O que n\u00e3o \u00e9 comunica\u00e7\u00e3o n\u00e3o violenta?<\/h2>\n\n<p>Todos j\u00e1 passaram por situa\u00e7\u00f5es em que a forma de se expressar ou as atitudes de terceiros geraram inc\u00f4modo e mal-estar. Por isso, alguns conceitos do que n\u00e3o \u00e9 comunica\u00e7\u00e3o n\u00e3o violenta devem ser entendidos e evitados.<\/p>\n\n<p>O julgamento do bem e do mal na nossa comunica\u00e7\u00e3o pode afetar nossos relacionamentos, ent\u00e3o recomenda-se a pr\u00e1tica da <a href=\"https:\/\/totidiversidade.com.br\/blog\/como-promover-a-comunicacao-inclusiva-no-local-de-trabalho\/\">comunica\u00e7\u00e3o compassiva<\/a>, sem que haja julgamentos sobre o que nosso interlocutor diz.<\/p>\n\n<p>Outro ato que representa o que n\u00e3o \u00e9 comunica\u00e7\u00e3o n\u00e3o violenta s\u00e3o as puni\u00e7\u00f5es, sejam elas f\u00edsicas ou verbais. A CNV n\u00e3o estimula esse tipo de comportamento, salvo em raros casos em que seja necess\u00e1rio se defender de agress\u00f5es que resultem em ferimentos.<\/p>\n\n<p>O uso de estere\u00f3tipos, fazer compara\u00e7\u00f5es ou ju\u00edzo de valor tamb\u00e9m s\u00e3o totalmente o oposto do que prega a CNV. Generalizar ou determinar o que \u00e9 correto constitui\u00a0 uma fonte infinita de mal-entendidos e demonstra falta de empatia.<\/p>\n\n<h2 class=\"wp-block-heading\">Quais s\u00e3o os 4 pilares da comunica\u00e7\u00e3o n\u00e3o violenta?<\/h2>\n\n<p>Para facilitar ainda mais a compreens\u00e3o do que \u00e9 a comunica\u00e7\u00e3o n\u00e3o violenta, \u00e9 importante saber no que ela se baseia e entender seus pilares.<\/p>\n\n<h3 class=\"wp-block-heading\">Observa\u00e7\u00e3o<\/h3>\n\n<p>O primeiro, e talvez o mais importante, pilar da CNV \u00e9 a capacidade de observar sem avaliar. Ou seja, exercer a imparcialidade quando estamos lidando com terceiros e receber suas informa\u00e7\u00f5es sem que sejam feitas avalia\u00e7\u00f5es de forma autom\u00e1tica.<\/p>\n\n<p>S\u00e3o pequenas atitudes que costumam gerar um ju\u00edzo de valor, como conversar com algu\u00e9m e a pessoa cruzar os bra\u00e7os. Imediatamente, pensamos: ser\u00e1 que a pessoa est\u00e1 brava ou entediada? Isso precisa ser evitado e combatido.<\/p>\n\n<p>Muitas vezes, somos mal interpretados, e isso costuma acontecer quando\u00a0 o receptor da mensagem perde o foco, deixa de observar e cria uma interpreta\u00e7\u00e3o baseada em opini\u00f5es pessoais e ju\u00edzo de valor.<\/p>\n\n<p>H\u00e1 tamb\u00e9m a auto-observa\u00e7\u00e3o, que \u00e9 a capacidade de analisar a forma como nos expressamos. E \u00e9 ela quem nos permite ser imparciais, mais abertos, agir de forma emp\u00e1tica e compassiva.<\/p>\n\n<h3 class=\"wp-block-heading\">Sentimento<\/h3>\n\n<p>De acordo com Rosenberg, o segundo pilar da comunica\u00e7\u00e3o n\u00e3o violenta \u00e9 a capacidade que devemos ter de expressar como estamos nos sentindo de maneira simples, direta e objetiva, uma vez que nosso repert\u00f3rio de r\u00f3tulos para os outros costuma ser maior do que o que usamos para n\u00f3s mesmos.<\/p>\n\n<p>Uma forma de expressar sentimentos bastante comum, de acordo com Rosenberg, \u00e9 por meio\u00a0 de frases como \u201csinto que n\u00e3o gostam de mim\u201d. Na verdade, isso \u00e9 uma opini\u00e3o, n\u00e3o um sentimento, e, por isso, devemos ter cuidado com o que pode ser dito e com a interpreta\u00e7\u00e3o que v\u00e3o ter sobre cada frase.<\/p>\n\n<p>Por mais que seja bastante comum esconder os pr\u00f3prios sentimentos, em especial em ambientes corporativos, \u00e9 preciso identificar o que estamos sentindo e nos permitir ser vulner\u00e1veis, j\u00e1 que isso pode auxiliar em quest\u00f5es que dizem respeito ao conv\u00edvio social.<\/p>\n\n<h3 class=\"wp-block-heading\">Necessidades<\/h3>\n\n<p>A melhor maneira de identificar a motiva\u00e7\u00e3o dos nossos sentimentos \u00e9 conect\u00e1-los \u00e0s nossas necessidades. Toda vez que expressamos um sentimento, ele est\u00e1 ligado a um tipo de necessidade.<\/p>\n\n<p>O importante \u00e9 identificar essas necessidades e conseguir express\u00e1-las de forma objetiva e coerente, abrindo espa\u00e7o para uma comunica\u00e7\u00e3o assertiva, que, por sua vez,\u00a0 resultar\u00e1 em um di\u00e1logo mais respeitoso e honesto.<\/p>\n\n<h3 class=\"wp-block-heading\">Pedido<\/h3>\n\n<p>O quarto e \u00faltimo pilar da comunica\u00e7\u00e3o n\u00e3o violenta \u00e9 o pedido, ou seja, a forma que encontramos de atender nossas necessidades e como devemos comunicar isso para que sejamos atendidos.<\/p>\n\n<p>H\u00e1 um pensamento bastante comum entre as pessoas, que \u00e9 evitar pedir algo para n\u00e3o causar inc\u00f4modo ou mesmo por acreditar que seja algo muito \u00f3bvio e, por isso, n\u00e3o h\u00e1 a necessidade de formular o pedido.<\/p>\n\n<p>No entanto, precisamos compreender que \u00e9 necess\u00e1rio comunicar \u00e0s pessoas o que desejamos, de forma objetiva e direta. Isso vai evitar uma s\u00e9rie de atritos e ru\u00eddos que podem ser facilmente sanados com a transmiss\u00e3o correta da mensagem.<\/p>\n\n<h2 class=\"wp-block-heading\">Qual a import\u00e2ncia do uso da comunica\u00e7\u00e3o n\u00e3o violenta no ambiente organizacional?<\/h2>\n\n<p>Por meio do uso da comunica\u00e7\u00e3o n\u00e3o violenta, o ambiente organizacional pode se tornar mais acolhedor e emp\u00e1tico, evitando discrimina\u00e7\u00f5es, r\u00f3tulos estereotipados e classifica\u00e7\u00f5es com ju\u00edzo de valor.<\/p>\n\n<p>Como o princ\u00edpio da CNV \u00e9 que as a\u00e7\u00f5es sejam baseadas em valores comuns a todos, sem pr\u00e9-julgamentos ou distin\u00e7\u00f5es, manter o foco nas necessidades e nos sentimentos \u00e9 a melhor estrat\u00e9gia para uma comunica\u00e7\u00e3o pac\u00edfica e compassiva.<\/p>\n\n<p>O papel das lideran\u00e7as na implementa\u00e7\u00e3o da CNV \u00e9 fundamental para sua aceita\u00e7\u00e3o e difus\u00e3o, uma vez que os estudos de Rosenberg j\u00e1 comprovaram que a forma de nos comunicarmos impacta diretamente o ambiente de trabalho e as pessoas colaboradoras.<\/p>\n\n<p>O cuidado com o que se expressa e como a informa\u00e7\u00e3o \u00e9 recebida deve ser uma constante, evitando ru\u00eddos e optando pela honestidade. Assim, \u00e9 vi\u00e1vel\u00a0 proporcionar a todos um ambiente de f\u00e1cil conv\u00edvio, onde \u00e9 poss\u00edvel produzir mais e, consequentemente, superar as expectativas.<\/p>\n\n<p>Esse mito de que, dentro das empresas, demonstrar vulnerabilidade \u00e9 um sinal de fraqueza est\u00e1 sendo extinto, e com isso as pessoas colaboradoras se sentem mais pertencentes, motivadas e, com a melhora das rela\u00e7\u00f5es interpessoais, seu engajamento tende a ser ainda maior.<\/p>\n\n<h2 class=\"wp-block-heading\">Quais s\u00e3o as estrat\u00e9gias para promover a comunica\u00e7\u00e3o n\u00e3o violenta na organiza\u00e7\u00e3o?<\/h2>\n\n<p>J\u00e1 que muito foi dito sobre a import\u00e2ncia de uma comunica\u00e7\u00e3o n\u00e3o violenta para obten\u00e7\u00e3o de resultados mais positivos, seguem abaixo algumas sugest\u00f5es de como promover esse tipo de comportamento em benef\u00edcio das empresas e suas pessoas colaboradoras.<\/p>\n\n<h3 class=\"wp-block-heading\">Diagnosticar a cultura e a comunica\u00e7\u00e3o da empresa<\/h3>\n\n<p>O primeiro passo para promover a comunica\u00e7\u00e3o n\u00e3o violenta dentro de uma empresa \u00e9 entender como funciona a cultura organizacional e como se d\u00e1 a comunica\u00e7\u00e3o entre as pessoas colaboradoras de todos os n\u00edveis.<\/p>\n\n<p>Quais s\u00e3o os gargalos de comunica\u00e7\u00e3o, os erros mais comuns e a forma de relacionamento interpessoal? Somente ent\u00e3o ser\u00e1 poss\u00edvel avaliar o quadro geral, diagnosticar o que precisa ser mudado e montar um plano de a\u00e7\u00e3o.<\/p>\n\n<p>Por meio desse tipo de levantamento, \u00e9 poss\u00edvel identificar os pontos fortes, os que precisam ser modificados e direcionar os esfor\u00e7os para que a comunica\u00e7\u00e3o n\u00e3o violenta possa ser uma realidade dentro do ambiente organizacional.<\/p>\n\n<h3 class=\"wp-block-heading\">Desenvolver a comunica\u00e7\u00e3o da lideran\u00e7a<\/h3>\n\n<p>A implementa\u00e7\u00e3o de mudan\u00e7as precisa come\u00e7ar por algum lugar, e o <a href=\"https:\/\/totidiversidade.com.br\/blog\/lideranca-inclusiva-como-ser-um-lider-inclusivo\/\">papel das lideran\u00e7as<\/a> para que isso ocorra \u00e9 fundamental. Ent\u00e3o, nada melhor do que investir no desenvolvimento de uma comunica\u00e7\u00e3o emp\u00e1tica, come\u00e7ando por l\u00edderes e gestores.<\/p>\n\n<p>Para se adequar ao que \u00e9 pretendido, os l\u00edderes precisam identificar as melhorias a serem feitas e engajar a equipe, demonstrando como fazer essas mudan\u00e7as. Os l\u00edderes devem aprender a dialogar de forma mais assertiva, objetiva e f\u00e1cil com suas pessoas colaboradoras.<\/p>\n\n<h3 class=\"wp-block-heading\">Investir em desenvolvimento e capacita\u00e7\u00e3o<\/h3>\n\n<p>O conhecimento \u00e9 a melhor ferramenta para gerar mudan\u00e7as, ent\u00e3o \u00e9 preciso investir em treinamentos e capacita\u00e7\u00e3o de l\u00edderes, gestores e pessoas colaboradoras para que seja poss\u00edvel colocar em pr\u00e1tica as melhorias necess\u00e1rias para desenvolver a comunica\u00e7\u00e3o n\u00e3o violenta dentro de uma empresa.<\/p>\n\n<p>Al\u00e9m de proporcionar o aprendizado necess\u00e1rio, os treinamentos e cursos promovem mais proximidade e capacidade de di\u00e1logo entre as pessoas colaboradoras, fortalecendo o v\u00ednculo e a intera\u00e7\u00e3o entre elas e com a organiza\u00e7\u00e3o, que deve proporcionar os recursos necess\u00e1rios para o desenvolvimento de novas habilidades.<\/p>\n\n<h2 class=\"wp-block-heading\">Quais s\u00e3o as vantagens de melhorar o clima organizacional?<\/h2>\n\n<p>J\u00e1 \u00e9 amplamente reconhecido que empresas que oferecem \u00e0s suas pessoas colaboradoras um clima organizacional mais leve, harm\u00f4nico e emp\u00e1tico t\u00eam vantagens significativas em rela\u00e7\u00e3o aos concorrentes. A seguir, destacamos alguns dos benef\u00edcios de investir em comunica\u00e7\u00e3o n\u00e3o violenta e na qualidade do ambiente de trabalho.<\/p>\n\n<h3 class=\"wp-block-heading\">Produtividade da equipe<\/h3>\n\n<p>Um ambiente organizacional positivo \u00e9 capaz de influenciar diretamente suas pessoas colaboradoras e gerar maior engajamento e motiva\u00e7\u00e3o. E isso \u00e9 fundamental para aumentar a capacidade produtiva das equipes e com que elas se sintam parte da empresa, valorizadas e estimuladas.<\/p>\n\n<p>Quando o clima da organiza\u00e7\u00e3o \u00e9 favor\u00e1vel e inclusivo, as pessoas colaboradoras abra\u00e7am com mais determina\u00e7\u00e3o os desafios e sentem prazer em serem mais produtivas, entregando sempre o seu melhor e se envolvendo ativamente com os objetivos da empresa.<\/p>\n\n<h3 class=\"wp-block-heading\">Comunica\u00e7\u00e3o interna<\/h3>\n\n<p>Com uma comunica\u00e7\u00e3o interna mais assertiva e eficaz, sem a constante barreira que os desentendimentos costumam criar, o fluxo de informa\u00e7\u00f5es ganha mais agilidade, fortalecendo assim as rela\u00e7\u00f5es e a compreens\u00e3o.<\/p>\n\n<p>Em organiza\u00e7\u00f5es que se preocupam em manter a comunica\u00e7\u00e3o n\u00e3o violenta, as informa\u00e7\u00f5es costumam circular com mais transpar\u00eancia, objetividade, e cada pessoa colaboradora consegue saber exatamente o que se espera dela, tornando poss\u00edvel um aumento de produtividade.<\/p>\n\n<h3 class=\"wp-block-heading\">Reten\u00e7\u00e3o de colaboradores<\/h3>\n\n<p>\u00c9 poss\u00edvel perceber claramente que as organiza\u00e7\u00f5es que se esfor\u00e7am para obter uma melhor comunica\u00e7\u00e3o colhem respostas positivas de seus funcion\u00e1rios, o que resulta em um menor \u00edndice de turnover. Em outras palavras, as pessoas tendem a permanecer mais tempo na empresa.<\/p>\n\n<p>Dessa forma, agir de forma preventiva para <a href=\"https:\/\/totidiversidade.com.br\/blog\/importancia-da-diversidade-e-inclusao-na-retencao-talentos\/\">reter seus talentos<\/a> \u00e9 papel da empresa. Para isso, o investimento na melhoria do clima organizacional \u00e9 uma ferramenta extremamente importante. Pessoas colaboradoras que se sentem valorizadas, inclu\u00eddas e parte de uma organiza\u00e7\u00e3o n\u00e3o costumam buscar vagas nos concorrentes.<\/p>\n\t\t\t\t\t\t\t\t<\/div>\n\t\t\t\t<\/div>\n\t\t\t\t\t<\/div>\n\t\t\t\t<\/div>\n\t\t\t\t<\/div>\n\t\t","protected":false},"excerpt":{"rendered":"<p>Aprenda como adotar a comunica\u00e7\u00e3o n\u00e3o violenta no ambiente corporativo e melhorar o clima organizacional, promovendo maior empatia e resultados. <\/p>\n","protected":false},"author":5,"featured_media":8497,"comment_status":"closed","ping_status":"closed","sticky":false,"template":"","format":"standard","meta":{"footnotes":""},"categories":[13],"tags":[182],"class_list":["post-8496","post","type-post","status-publish","format-standard","has-post-thumbnail","hentry","category-gestao-de-talentos","tag-banner-lateral-banco-de-diversidade"],"yoast_head":"<!-- This site is optimized with the Yoast SEO plugin v25.7 - https:\/\/yoast.com\/wordpress\/plugins\/seo\/ -->\n<title>Estrat\u00e9gias para promover comunica\u00e7\u00e3o n\u00e3o violenta no trabalho<\/title>\n<meta name=\"description\" content=\"Descubra como a Comunica\u00e7\u00e3o N\u00e3o-Violenta (CNV) pode transformar o clima organizacional. Reduza conflitos, melhore a colabora\u00e7\u00e3o e aumente o engajamento. Saiba mais!\" \/>\n<meta name=\"robots\" content=\"index, follow, max-snippet:-1, max-image-preview:large, max-video-preview:-1\" \/>\n<link rel=\"canonical\" href=\"https:\/\/totidiversidade.com.br\/blog\/comunicacao-nao-violenta-e-clima-organizacional\/\" \/>\n<meta property=\"og:locale\" content=\"pt_BR\" \/>\n<meta property=\"og:type\" content=\"article\" \/>\n<meta property=\"og:title\" content=\"Estrat\u00e9gias para promover comunica\u00e7\u00e3o n\u00e3o violenta no trabalho\" \/>\n<meta property=\"og:description\" content=\"Descubra como a Comunica\u00e7\u00e3o N\u00e3o-Violenta (CNV) pode transformar o clima organizacional. Reduza conflitos, melhore a colabora\u00e7\u00e3o e aumente o engajamento. Saiba mais!\" \/>\n<meta property=\"og:url\" content=\"https:\/\/totidiversidade.com.br\/blog\/comunicacao-nao-violenta-e-clima-organizacional\/\" \/>\n<meta property=\"og:site_name\" content=\"Blog Diversidade e ESG | Toti\" \/>\n<meta property=\"article:published_time\" content=\"2025-02-03T14:00:00+00:00\" \/>\n<meta property=\"article:modified_time\" content=\"2025-11-04T12:48:46+00:00\" \/>\n<meta property=\"og:image\" content=\"https:\/\/totidiversidade.com.br\/blog\/wp-content\/uploads\/2025\/02\/comunicacao-nao-violenta.jpg\" \/>\n\t<meta property=\"og:image:width\" content=\"1080\" \/>\n\t<meta property=\"og:image:height\" content=\"720\" \/>\n\t<meta property=\"og:image:type\" content=\"image\/jpeg\" \/>\n<meta name=\"author\" content=\"Natasha Ara\u00fajo\" \/>\n<meta name=\"twitter:card\" content=\"summary_large_image\" \/>\n<meta name=\"twitter:label1\" content=\"Escrito por\" \/>\n\t<meta name=\"twitter:data1\" content=\"Natasha Ara\u00fajo\" \/>\n\t<meta name=\"twitter:label2\" content=\"Est. tempo de leitura\" \/>\n\t<meta name=\"twitter:data2\" content=\"11 minutos\" \/>\n<script type=\"application\/ld+json\" class=\"yoast-schema-graph\">{\"@context\":\"https:\/\/schema.org\",\"@graph\":[{\"@type\":\"WebPage\",\"@id\":\"https:\/\/totidiversidade.com.br\/blog\/comunicacao-nao-violenta-e-clima-organizacional\/\",\"url\":\"https:\/\/totidiversidade.com.br\/blog\/comunicacao-nao-violenta-e-clima-organizacional\/\",\"name\":\"Estrat\u00e9gias para promover comunica\u00e7\u00e3o n\u00e3o violenta no trabalho\",\"isPartOf\":{\"@id\":\"https:\/\/totidiversidade.com.br\/blog\/#website\"},\"primaryImageOfPage\":{\"@id\":\"https:\/\/totidiversidade.com.br\/blog\/comunicacao-nao-violenta-e-clima-organizacional\/#primaryimage\"},\"image\":{\"@id\":\"https:\/\/totidiversidade.com.br\/blog\/comunicacao-nao-violenta-e-clima-organizacional\/#primaryimage\"},\"thumbnailUrl\":\"https:\/\/totidiversidade.com.br\/blog\/wp-content\/uploads\/2025\/02\/comunicacao-nao-violenta.jpg\",\"datePublished\":\"2025-02-03T14:00:00+00:00\",\"dateModified\":\"2025-11-04T12:48:46+00:00\",\"author\":{\"@id\":\"https:\/\/totidiversidade.com.br\/blog\/#\/schema\/person\/1e081226da2876ce80b09a7508040c61\"},\"description\":\"Descubra como a Comunica\u00e7\u00e3o N\u00e3o-Violenta (CNV) pode transformar o clima organizacional. Reduza conflitos, melhore a colabora\u00e7\u00e3o e aumente o engajamento. Saiba mais!\",\"breadcrumb\":{\"@id\":\"https:\/\/totidiversidade.com.br\/blog\/comunicacao-nao-violenta-e-clima-organizacional\/#breadcrumb\"},\"inLanguage\":\"pt-BR\",\"potentialAction\":[{\"@type\":\"ReadAction\",\"target\":[\"https:\/\/totidiversidade.com.br\/blog\/comunicacao-nao-violenta-e-clima-organizacional\/\"]}]},{\"@type\":\"ImageObject\",\"inLanguage\":\"pt-BR\",\"@id\":\"https:\/\/totidiversidade.com.br\/blog\/comunicacao-nao-violenta-e-clima-organizacional\/#primaryimage\",\"url\":\"https:\/\/totidiversidade.com.br\/blog\/wp-content\/uploads\/2025\/02\/comunicacao-nao-violenta.jpg\",\"contentUrl\":\"https:\/\/totidiversidade.com.br\/blog\/wp-content\/uploads\/2025\/02\/comunicacao-nao-violenta.jpg\",\"width\":1080,\"height\":720,\"caption\":\"A comunica\u00e7\u00e3o n\u00e3o violenta promove colabora\u00e7\u00e3o e respeito no trabalho\"},{\"@type\":\"BreadcrumbList\",\"@id\":\"https:\/\/totidiversidade.com.br\/blog\/comunicacao-nao-violenta-e-clima-organizacional\/#breadcrumb\",\"itemListElement\":[{\"@type\":\"ListItem\",\"position\":1,\"name\":\"In\u00edcio\",\"item\":\"https:\/\/totidiversidade.com.br\/blog\/\"},{\"@type\":\"ListItem\",\"position\":2,\"name\":\"Estrat\u00e9gias para promover a comunica\u00e7\u00e3o n\u00e3o violenta e melhorar o clima organizacional\"}]},{\"@type\":\"WebSite\",\"@id\":\"https:\/\/totidiversidade.com.br\/blog\/#website\",\"url\":\"https:\/\/totidiversidade.com.br\/blog\/\",\"name\":\"Blog Toti Diversidade\",\"description\":\"Leia no blog da TOTI sobre diversidade, ESG e inclus\u00e3o de refugiados no mercado de tecnologia. Conte\u00fado que transforma empresas e vidas.\",\"alternateName\":\"Blog Toti\",\"potentialAction\":[{\"@type\":\"SearchAction\",\"target\":{\"@type\":\"EntryPoint\",\"urlTemplate\":\"https:\/\/totidiversidade.com.br\/blog\/?s={search_term_string}\"},\"query-input\":{\"@type\":\"PropertyValueSpecification\",\"valueRequired\":true,\"valueName\":\"search_term_string\"}}],\"inLanguage\":\"pt-BR\"},{\"@type\":\"Person\",\"@id\":\"https:\/\/totidiversidade.com.br\/blog\/#\/schema\/person\/1e081226da2876ce80b09a7508040c61\",\"name\":\"Natasha Ara\u00fajo\",\"image\":{\"@type\":\"ImageObject\",\"inLanguage\":\"pt-BR\",\"@id\":\"https:\/\/totidiversidade.com.br\/blog\/#\/schema\/person\/image\/\",\"url\":\"https:\/\/secure.gravatar.com\/avatar\/afe8cacf7a05e50fccc842b4acf6ab6c60e3453d15d17227e2a03ce32d3b1c64?s=96&d=mm&r=g\",\"contentUrl\":\"https:\/\/secure.gravatar.com\/avatar\/afe8cacf7a05e50fccc842b4acf6ab6c60e3453d15d17227e2a03ce32d3b1c64?s=96&d=mm&r=g\",\"caption\":\"Natasha Ara\u00fajo\"},\"url\":\"https:\/\/totidiversidade.com.br\/blog\/author\/natasha-araujo\/\"}]}<\/script>\n<!-- \/ Yoast SEO plugin. -->","yoast_head_json":{"title":"Estrat\u00e9gias para promover comunica\u00e7\u00e3o n\u00e3o violenta no trabalho","description":"Descubra como a Comunica\u00e7\u00e3o N\u00e3o-Violenta (CNV) pode transformar o clima organizacional. Reduza conflitos, melhore a colabora\u00e7\u00e3o e aumente o engajamento. Saiba mais!","robots":{"index":"index","follow":"follow","max-snippet":"max-snippet:-1","max-image-preview":"max-image-preview:large","max-video-preview":"max-video-preview:-1"},"canonical":"https:\/\/totidiversidade.com.br\/blog\/comunicacao-nao-violenta-e-clima-organizacional\/","og_locale":"pt_BR","og_type":"article","og_title":"Estrat\u00e9gias para promover comunica\u00e7\u00e3o n\u00e3o violenta no trabalho","og_description":"Descubra como a Comunica\u00e7\u00e3o N\u00e3o-Violenta (CNV) pode transformar o clima organizacional. Reduza conflitos, melhore a colabora\u00e7\u00e3o e aumente o engajamento. Saiba mais!","og_url":"https:\/\/totidiversidade.com.br\/blog\/comunicacao-nao-violenta-e-clima-organizacional\/","og_site_name":"Blog Diversidade e ESG | Toti","article_published_time":"2025-02-03T14:00:00+00:00","article_modified_time":"2025-11-04T12:48:46+00:00","og_image":[{"width":1080,"height":720,"url":"https:\/\/totidiversidade.com.br\/blog\/wp-content\/uploads\/2025\/02\/comunicacao-nao-violenta.jpg","type":"image\/jpeg"}],"author":"Natasha Ara\u00fajo","twitter_card":"summary_large_image","twitter_misc":{"Escrito por":"Natasha Ara\u00fajo","Est. tempo de leitura":"11 minutos"},"schema":{"@context":"https:\/\/schema.org","@graph":[{"@type":"WebPage","@id":"https:\/\/totidiversidade.com.br\/blog\/comunicacao-nao-violenta-e-clima-organizacional\/","url":"https:\/\/totidiversidade.com.br\/blog\/comunicacao-nao-violenta-e-clima-organizacional\/","name":"Estrat\u00e9gias para promover comunica\u00e7\u00e3o n\u00e3o violenta no trabalho","isPartOf":{"@id":"https:\/\/totidiversidade.com.br\/blog\/#website"},"primaryImageOfPage":{"@id":"https:\/\/totidiversidade.com.br\/blog\/comunicacao-nao-violenta-e-clima-organizacional\/#primaryimage"},"image":{"@id":"https:\/\/totidiversidade.com.br\/blog\/comunicacao-nao-violenta-e-clima-organizacional\/#primaryimage"},"thumbnailUrl":"https:\/\/totidiversidade.com.br\/blog\/wp-content\/uploads\/2025\/02\/comunicacao-nao-violenta.jpg","datePublished":"2025-02-03T14:00:00+00:00","dateModified":"2025-11-04T12:48:46+00:00","author":{"@id":"https:\/\/totidiversidade.com.br\/blog\/#\/schema\/person\/1e081226da2876ce80b09a7508040c61"},"description":"Descubra como a Comunica\u00e7\u00e3o N\u00e3o-Violenta (CNV) pode transformar o clima organizacional. Reduza conflitos, melhore a colabora\u00e7\u00e3o e aumente o engajamento. Saiba mais!","breadcrumb":{"@id":"https:\/\/totidiversidade.com.br\/blog\/comunicacao-nao-violenta-e-clima-organizacional\/#breadcrumb"},"inLanguage":"pt-BR","potentialAction":[{"@type":"ReadAction","target":["https:\/\/totidiversidade.com.br\/blog\/comunicacao-nao-violenta-e-clima-organizacional\/"]}]},{"@type":"ImageObject","inLanguage":"pt-BR","@id":"https:\/\/totidiversidade.com.br\/blog\/comunicacao-nao-violenta-e-clima-organizacional\/#primaryimage","url":"https:\/\/totidiversidade.com.br\/blog\/wp-content\/uploads\/2025\/02\/comunicacao-nao-violenta.jpg","contentUrl":"https:\/\/totidiversidade.com.br\/blog\/wp-content\/uploads\/2025\/02\/comunicacao-nao-violenta.jpg","width":1080,"height":720,"caption":"A comunica\u00e7\u00e3o n\u00e3o violenta promove colabora\u00e7\u00e3o e respeito no trabalho"},{"@type":"BreadcrumbList","@id":"https:\/\/totidiversidade.com.br\/blog\/comunicacao-nao-violenta-e-clima-organizacional\/#breadcrumb","itemListElement":[{"@type":"ListItem","position":1,"name":"In\u00edcio","item":"https:\/\/totidiversidade.com.br\/blog\/"},{"@type":"ListItem","position":2,"name":"Estrat\u00e9gias para promover a comunica\u00e7\u00e3o n\u00e3o violenta e melhorar o clima organizacional"}]},{"@type":"WebSite","@id":"https:\/\/totidiversidade.com.br\/blog\/#website","url":"https:\/\/totidiversidade.com.br\/blog\/","name":"Blog Toti Diversidade","description":"Leia no blog da TOTI sobre diversidade, ESG e inclus\u00e3o de refugiados no mercado de tecnologia. Conte\u00fado que transforma empresas e vidas.","alternateName":"Blog Toti","potentialAction":[{"@type":"SearchAction","target":{"@type":"EntryPoint","urlTemplate":"https:\/\/totidiversidade.com.br\/blog\/?s={search_term_string}"},"query-input":{"@type":"PropertyValueSpecification","valueRequired":true,"valueName":"search_term_string"}}],"inLanguage":"pt-BR"},{"@type":"Person","@id":"https:\/\/totidiversidade.com.br\/blog\/#\/schema\/person\/1e081226da2876ce80b09a7508040c61","name":"Natasha Ara\u00fajo","image":{"@type":"ImageObject","inLanguage":"pt-BR","@id":"https:\/\/totidiversidade.com.br\/blog\/#\/schema\/person\/image\/","url":"https:\/\/secure.gravatar.com\/avatar\/afe8cacf7a05e50fccc842b4acf6ab6c60e3453d15d17227e2a03ce32d3b1c64?s=96&d=mm&r=g","contentUrl":"https:\/\/secure.gravatar.com\/avatar\/afe8cacf7a05e50fccc842b4acf6ab6c60e3453d15d17227e2a03ce32d3b1c64?s=96&d=mm&r=g","caption":"Natasha Ara\u00fajo"},"url":"https:\/\/totidiversidade.com.br\/blog\/author\/natasha-araujo\/"}]}},"_links":{"self":[{"href":"https:\/\/totidiversidade.com.br\/blog\/wp-json\/wp\/v2\/posts\/8496","targetHints":{"allow":["GET"]}}],"collection":[{"href":"https:\/\/totidiversidade.com.br\/blog\/wp-json\/wp\/v2\/posts"}],"about":[{"href":"https:\/\/totidiversidade.com.br\/blog\/wp-json\/wp\/v2\/types\/post"}],"author":[{"embeddable":true,"href":"https:\/\/totidiversidade.com.br\/blog\/wp-json\/wp\/v2\/users\/5"}],"replies":[{"embeddable":true,"href":"https:\/\/totidiversidade.com.br\/blog\/wp-json\/wp\/v2\/comments?post=8496"}],"version-history":[{"count":4,"href":"https:\/\/totidiversidade.com.br\/blog\/wp-json\/wp\/v2\/posts\/8496\/revisions"}],"predecessor-version":[{"id":8501,"href":"https:\/\/totidiversidade.com.br\/blog\/wp-json\/wp\/v2\/posts\/8496\/revisions\/8501"}],"wp:featuredmedia":[{"embeddable":true,"href":"https:\/\/totidiversidade.com.br\/blog\/wp-json\/wp\/v2\/media\/8497"}],"wp:attachment":[{"href":"https:\/\/totidiversidade.com.br\/blog\/wp-json\/wp\/v2\/media?parent=8496"}],"wp:term":[{"taxonomy":"category","embeddable":true,"href":"https:\/\/totidiversidade.com.br\/blog\/wp-json\/wp\/v2\/categories?post=8496"},{"taxonomy":"post_tag","embeddable":true,"href":"https:\/\/totidiversidade.com.br\/blog\/wp-json\/wp\/v2\/tags?post=8496"}],"curies":[{"name":"wp","href":"https:\/\/api.w.org\/{rel}","templated":true}]}}