{"id":8718,"date":"2025-03-10T16:20:00","date_gmt":"2025-03-10T19:20:00","guid":{"rendered":"https:\/\/totidiversidade.com.br\/blog\/?p=8718"},"modified":"2026-04-29T20:58:03","modified_gmt":"2026-04-29T23:58:03","slug":"diversidade-cultural-no-brasil","status":"publish","type":"post","link":"https:\/\/totidiversidade.com.br\/blog\/diversidade-cultural-no-brasil\/","title":{"rendered":"Equidade, inclus\u00e3o e diversidade cultural no Brasil: qual \u00e9 a situa\u00e7\u00e3o?"},"content":{"rendered":"<div id=\"bsf_rt_marker\"><\/div>\t\t<div data-elementor-type=\"wp-post\" data-elementor-id=\"8718\" class=\"elementor elementor-8718\" data-elementor-post-type=\"post\">\n\t\t\t\t<div class=\"elementor-element elementor-element-c455a8a e-flex e-con-boxed e-con e-parent\" data-id=\"c455a8a\" data-element_type=\"container\">\n\t\t\t\t\t<div class=\"e-con-inner\">\n\t\t\t\t<div class=\"elementor-element elementor-element-c2ba247 elementor-widget elementor-widget-image\" data-id=\"c2ba247\" data-element_type=\"widget\" data-widget_type=\"image.default\">\n\t\t\t\t<div class=\"elementor-widget-container\">\n\t\t\t\t\t\t\t\t\t\t\t\t<figure class=\"wp-caption\">\n\t\t\t\t\t\t\t\t\t\t<img fetchpriority=\"high\" decoding=\"async\" width=\"800\" height=\"534\" src=\"https:\/\/totidiversidade.com.br\/blog\/wp-content\/uploads\/2025\/03\/Diversidade-cultural-no-Brasil-1024x684.jpg\" class=\"attachment-large size-large wp-image-8719\" alt=\"Um grupo diversificado de pessoas colaborando em volta de uma mesa, cada um envolvido com seus laptops em um ambiente produtivo\" srcset=\"https:\/\/totidiversidade.com.br\/blog\/wp-content\/uploads\/2025\/03\/Diversidade-cultural-no-Brasil-1024x684.jpg 1024w, https:\/\/totidiversidade.com.br\/blog\/wp-content\/uploads\/2025\/03\/Diversidade-cultural-no-Brasil-300x200.jpg 300w, https:\/\/totidiversidade.com.br\/blog\/wp-content\/uploads\/2025\/03\/Diversidade-cultural-no-Brasil-768x513.jpg 768w, https:\/\/totidiversidade.com.br\/blog\/wp-content\/uploads\/2025\/03\/Diversidade-cultural-no-Brasil.jpg 1080w\" sizes=\"(max-width: 800px) 100vw, 800px\" \/>\t\t\t\t\t\t\t\t\t\t\t<figcaption class=\"widget-image-caption wp-caption-text\">Diversidade, inclus\u00e3o e equidade andam juntas para um mundo mais justo<\/figcaption>\n\t\t\t\t\t\t\t\t\t\t<\/figure>\n\t\t\t\t\t\t\t\t\t<\/div>\n\t\t\t\t<\/div>\n\t\t\t\t<div class=\"elementor-element elementor-element-131ffedb elementor-widget elementor-widget-text-editor\" data-id=\"131ffedb\" data-element_type=\"widget\" data-widget_type=\"text-editor.default\">\n\t\t\t\t<div class=\"elementor-widget-container\">\n\t\t\t\t\t\t\t\t\t\n<p>\u00a0<\/p>\n<p>Cada vez mais em pauta, o tema da diversidade cultural no Brasil j\u00e1 faz parte da realidade de muitas empresas. A preocupa\u00e7\u00e3o com a tr\u00edade diversidade, <a href=\"https:\/\/totidiversidade.com.br\/blog\/equidade-e-igualdade\/\">equidade<\/a> e inclus\u00e3o (DEI) vem se tornando um assunto recorrente entre gestores e profissionais de RH.<\/p>\n\n<p>Em um pa\u00eds de dimens\u00f5es continentais, onde \u00e9 poss\u00edvel encontrar pessoas com diferentes caracter\u00edsticas, origens e culturas, esse tema se torna urgente para conscientizar a sociedade sobre a necessidade de proporcionar aos grupos minorizados oportunidades justas de desenvolvimento pessoal e profissional.<\/p>\n\n<p>As mudan\u00e7as sociais s\u00e3o de suma import\u00e2ncia. Neste artigo, vamos falar mais sobre a diversidade cultural no Brasil e seus desdobramentos, abordando os desafios que a sociedade ainda enfrenta e como minimizar o impacto das desigualdades, que, infelizmente, ainda s\u00e3o uma realidade no pa\u00eds.<\/p>\n\n<h2 class=\"wp-block-heading\">Qual \u00e9 a defini\u00e7\u00e3o de equidade, inclus\u00e3o e diversidade cultural?<\/h2>\n\n<p>Agora, vamos observar quais s\u00e3o as defini\u00e7\u00f5es dos termos diversidade, equidade e inclus\u00e3o de forma mais espec\u00edfica:<\/p>\n\n<h3 class=\"wp-block-heading\">Diversidade Cultural\u00a0<\/h3>\n\n<p>O conceito de diversidade cultural \u00e9 amplo e plural, uma vez que ele abra\u00e7a tradi\u00e7\u00f5es, costumes e express\u00f5es de arte que podem vir de grupos, comunidades ou da sociedade, e pode ser representado por uma s\u00e9rie de fatores.<\/p>\n\n<p>As m\u00fasicas, pol\u00edticas, festividades populares, hist\u00f3rias que se perpetuam por gera\u00e7\u00f5es, vestu\u00e1rios, artes, religi\u00f5es, n\u00facleos familiares, culin\u00e1ria e idioma s\u00e3o formas de representar a diversidade cultural de um grupo.<\/p>\n\n<h3 class=\"wp-block-heading\">Equidade<\/h3>\n\n<p>Os conceitos de <a href=\"https:\/\/totidiversidade.com.br\/blog\/equidade-e-igualdade\/\">equidade e igualdade<\/a> muitas vezes s\u00e3o confundidos, mas \u00e9 importante destacar que eles possuem significados diferentes.\u00a0 Enquanto a igualdade busca tratar todas as pessoas da mesma forma, a equidade reconhece que nem todos partem das mesmas condi\u00e7\u00f5es e, por isso, busca um tratamento diferenciado para nivelar essas diferen\u00e7as e garantir justi\u00e7a.\u00a0<\/p>\n\n<p>Como cada indiv\u00edduo vem de um contexto sociocultural distinto, n\u00e3o \u00e9 poss\u00edvel utilizar a mesma r\u00e9gua em todos os casos, pois isso n\u00e3o eliminaria as disparidades j\u00e1 existentes, podendo at\u00e9 ampli\u00e1-las.\u00a0<\/p>\n\n<p>Diante dessas diferen\u00e7as, a equidade exige que a sociedade implemente medidas eficazes para diminuir a desigualdade, promovendo oportunidades mais justas no conv\u00edvio social.\u00a0<\/p>\n\n<p>Por meio da equidade, pessoas com hist\u00f3rias e experi\u00eancias de\u00a0 vida t\u00e3o distintas ter\u00e3o mais condi\u00e7\u00f5es de exercer seus direitos e se desenvolver,\u00a0 tanto no \u00e2mbito pessoal como no profissional.<\/p>\n\n<h3 class=\"wp-block-heading\">Inclus\u00e3o<\/h3>\n\n<p>A inclus\u00e3o consiste em assegurar que todas as pessoas, independentemente de suas caracter\u00edsticas, tenham acesso a direitos, espa\u00e7os e oportunidades, permitindo sua plena participa\u00e7\u00e3o na sociedade.<\/p>\n\n<p>Ela \u00e9 a chave para que a equidade se torne uma realidade no Brasil e uma constante em nossa sociedade. A inclus\u00e3o pode se manifestar por meio de leis, conven\u00e7\u00f5es, acordos ou at\u00e9 mesmo por iniciativas de pessoas f\u00edsicas ou jur\u00eddicas.<\/p>\n\n<p>Como exemplo, podemos citar a adapta\u00e7\u00e3o de ambientes, como pr\u00e9dios residenciais ou comerciais, para oferecer a acessibilidade necess\u00e1ria \u00e0s pessoas com defici\u00eancia (PcDs). Al\u00e9m disso, a inclus\u00e3o est\u00e1 presente nos processos seletivos em que a contrata\u00e7\u00e3o de grupos minorizados, como mulheres, negros, pessoas LGBTQIA+, migrantes e refugiados, seja promovida de forma cont\u00ednua.<\/p>\n\n<h3 class=\"wp-block-heading\">A import\u00e2ncia desses conceitos para a sociedade brasileira<\/h3>\n\n<p>Infelizmente, a exclus\u00e3o social \u00e9 uma realidade para muitas pessoas, mesmo que nem todos a percebam. Por isso, promover a diversidade, equidade e inclus\u00e3o em todas as camadas da sociedade \u00e9 uma necessidade urgente para garantir um futuro mais justo.\u00a0<\/p>\n\n<p>\u00a0Compreender os efeitos positivos dessas iniciativas\u00a0 n\u00e3o s\u00f3 na vida de pessoas, mas tamb\u00e9m no ambiente corporativo, \u00e9 fundamental. Afinal, ambientes diversos e inclusivos oferecem mais perspectivas de desenvolvimento e maior capacidade de solu\u00e7\u00e3o de problemas, gra\u00e7as \u00e0s diferentes experi\u00eancias de vida de cada indiv\u00edduo.<\/p>\n\n<p>Al\u00e9m disso, promovem um ambiente mais acolhedor e estimulante, em que os colaboradores se sentem valorizados e motivados a contribuir de forma ativa para o crescimento da organiza\u00e7\u00e3o.\u00a0<\/p>\n\n<p>Tanto na sociedade quanto no ambiente corporativo, investimentos em DEI contribuem para um ambiente mais harm\u00f4nico e plural. No contexto organizacional, a empresa fortalece sua reputa\u00e7\u00e3o junto a clientes e parceiros, enquanto, de forma geral, equipes e comunidades mais inclusivas tendem a ser mais felizes, engajadas e produtivas.\u00a0<\/p>\n\n<h2 class=\"wp-block-heading\">Qual \u00e9 a situa\u00e7\u00e3o atual da diversidade cultural no Brasil?<\/h2>\n\n<p>Embora o Brasil seja um pa\u00eds com uma popula\u00e7\u00e3o diversa, ainda h\u00e1 desafios a serem superados para que a diversidade, equidade e inclus\u00e3o sejam plenamente incentivadas, respeitadas e difundidas.<\/p>\n\n<p>Mas a sociedade caminha, ainda que a passos mais lentos do que o ideal, para que essa realidade se modifique.Um passo importante dentro dessa reformula\u00e7\u00e3o de conceitos \u00e9 a participa\u00e7\u00e3o de empresas na implementa\u00e7\u00e3o da diversidade, equidade e inclus\u00e3o em seu quadro de pessoas colaboradoras.<\/p>\n\n<h3 class=\"wp-block-heading\">Multiplicidade de culturas no Brasil<\/h3>\n\n<p>O Brasil \u00e9 um pa\u00eds de dimens\u00f5es continentais, e toda essa \u00e1rea contribui para a diversidade cultural nacional. Desde 2010, o pa\u00eds contabilizou um fluxo migrat\u00f3rio de aproximadamente 2,3 milh\u00f5es de pessoas, de acordo com o <a href=\"https:\/\/www.gov.br\/mj\/pt-br\/assuntos\/noticias\/fluxo-migratorio-no-brasil-foi-de-2-3-milhoes-de-pessoas-em-14-anos-aponta-boletim-das-migracoes#:~:text=Boletim%20das%20Migra%C3%A7%C3%B5es-,Fluxo%20migrat%C3%B3rio%20no%20Brasil%20foi%20de%202%2C3%20milh%C3%B5es%20de,anos%2C%20aponta%20Boletim%20das%20Migra%C3%A7%C3%B5es&amp;text=Bras%C3%ADlia%2C%2010%2F10%2F2024,residentes%20permanentes%2C%20tempor%C3%A1rios%20e%20fronteiri%C3%A7os.\">Boletim das Migra\u00e7\u00f5es<\/a>. Nesse per\u00edodo, a maior parte dos migrantes veio da Venezuela, do Haiti e da Bol\u00edvia.<\/p>\n\n<p>Com esse movimento constante de pessoas, surgem novas tradi\u00e7\u00f5es, comidas e religi\u00f5es, j\u00e1 que os migrantes que chegam e se estabelecem por aqui trazem consigo novos costumes, cren\u00e7as, culin\u00e1rias t\u00edpicas e h\u00e1bitos que acabam somados aos j\u00e1 existentes, dando origem a ainda mais multiplicidade de culturas.\u00a0<\/p>\n\n<h3 class=\"wp-block-heading\">Diversidade \u00e9tnica e racial no Brasil<\/h3>\n\n<p>A sociedade brasileira \u00e9 bastante diversa e envolve uma consider\u00e1vel gama de etnias, culturas, idiomas, ra\u00e7as, entre outros elementos de diferencia\u00e7\u00e3o. A ra\u00e7a evidencia as caracter\u00edsticas f\u00edsicas, como a cor, enquanto\u00a0 a etnia engloba tamb\u00e9m as diferen\u00e7as culturais, lingu\u00edsticas, <a href=\"https:\/\/totidiversidade.com.br\/blog\/diversidade-religiosa-nas-empresas\/\">diversidades religiosas<\/a>, entre outros elementos.<\/p>\n\n<p>A variedade de povos encontrada no pa\u00eds continua a crescer, uma vez que diferentes grupos se ramificam e se misturam, e seus descendentes formam novos coletivos ou s\u00e3o absorvidos por outros j\u00e1 existentes.<\/p>\n\n<p>De acordo com dados do IBGE, h\u00e1 mais de 300 etnias ind\u00edgenas presentes no pa\u00eds, al\u00e9m dos descendentes de europeus, asi\u00e1ticos e africanos, que fazem parte da nossa popula\u00e7\u00e3o h\u00e1 muitos anos.<\/p>\n\n<h3 class=\"wp-block-heading\">Inclus\u00e3o de grupos minorizados (negros, ind\u00edgenas, mulheres, pessoas LGBTQIAP+, etc.)<\/h3>\n\n<p>O processo de inclus\u00e3o social e corporativa de grupos minorizados, como mulheres, ind\u00edgenas, negros, migrantes e pessoas LGBTQIAP+, deve envolver a\u00e7\u00f5es que promovam a integra\u00e7\u00e3o necess\u00e1ria para que a diversidade, equidade e inclus\u00e3o se tornem uma realidade.<\/p>\n\n<p>Por uma quest\u00e3o hist\u00f3rica e de preconceitos, esses grupos enfrentam at\u00e9 hoje um processo cont\u00ednuo de exclus\u00e3o de seus direitos e de dificuldades de socializa\u00e7\u00e3o, o que\u00a0 impacta suas vidas e restringe o acesso a oportunidades fundamentais para o crescimento.\u00a0<\/p>\n\n<p>Diante desse cen\u00e1rio, a inclus\u00e3o de grupos minorizados deve ocorrer por meio de a\u00e7\u00f5es sociais, que incluam a conscientiza\u00e7\u00e3o e a ampla defesa de seus direitos, garantindo que a equidade se torne uma realidade.<\/p>\n\n<h3 class=\"wp-block-heading\">Desigualdade socioecon\u00f4mica e o impacto na equidade e inclus\u00e3o<\/h3>\n\n<p>A desigualdade socioecon\u00f4mica no pa\u00eds \u00e9 alarmante, visto que a divis\u00e3o de renda no Brasil apresenta uma disparidade que impacta diretamente os grupos minorizados.\u00a0<\/p>\n\n<p>Essa discrep\u00e2ncia aumenta ainda mais os efeitos nocivos sofridos pelas minorias, limitando suas oportunidades de desenvolvimento e influenciando negativamente sua trajet\u00f3ria profissional.\u00a0\u00a0<\/p>\n\n<p>Al\u00e9m disso, a ado\u00e7\u00e3o de programas de diversidade, equidade e inclus\u00e3o no ambiente organizacional ainda ocorre de forma limitada. No entanto, essa pauta tem avan\u00e7ado, e os processos seletivos voltados para a inclus\u00e3o de grupos sub-representados v\u00eam sendo cada vez mais considerados.\u00a0<\/p>\n\n<h2 class=\"wp-block-heading\">Quais s\u00e3o os desafios para a inclus\u00e3o e equidade no Brasil?<\/h2>\n\n<p>\u00c9 preciso que o combate a qualquer tipo de preconceito e exclus\u00e3o seja cada vez mais ampliado e se torne uma constante na vida de todas as camadas da popula\u00e7\u00e3o, mas esse processo ainda enfrenta alguns desafios, como detalharemos a seguir:<\/p>\n\n<h3 class=\"wp-block-heading\">Barreiras estruturais e sist\u00eamicas<\/h3>\n\n<p>Muitas vezes, determinados grupos da nossa popula\u00e7\u00e3o se deparam com barreiras estruturais e sist\u00eamicas, como a falta de acesso a servi\u00e7os b\u00e1sicos e essenciais, como educa\u00e7\u00e3o, sa\u00fade e seguran\u00e7a.<\/p>\n\n<p>Al\u00e9m disso, h\u00e1 uma escassez de oportunidades no mercado de trabalho, que nem sempre oferece condi\u00e7\u00f5es de equidade para todos, o que agrava ainda mais as diferen\u00e7as socioecon\u00f4micas e dificulta a inclus\u00e3o daqueles em situa\u00e7\u00e3o de maior vulnerabilidade.\u00a0<\/p>\n\n<h3 class=\"wp-block-heading\">Racismo estrutural e seus efeitos nas pol\u00edticas p\u00fablicas<\/h3>\n\n<p>O racismo estrutural ainda \u00e9 uma realidade na sociedade e se manifesta tanto em atitudes quanto na desigualdade de oportunidades para a popula\u00e7\u00e3o negra.\u00a0<\/p>\n\n<p>No entanto, podemos citar algumas pol\u00edticas p\u00fablicas que foram criadas para combater esse problema e minimizar seus efeitos. A implementa\u00e7\u00e3o de cotas em institui\u00e7\u00f5es de ensino, por exemplo, busca ampliar o acesso da popula\u00e7\u00e3o negra e de outros grupos historicamente desfavorecidos \u00e0 educa\u00e7\u00e3o.\u00a0<\/p>\n\n<p>Al\u00e9m disso, pol\u00edticas voltadas para o mercado de trabalho buscam ampliar a representatividade racial, incentivando a diversidade e a inclus\u00e3o dentro das empresas por meio de a\u00e7\u00f5es afirmativas e programas de capacita\u00e7\u00e3o.<\/p>\n\n<h3 class=\"wp-block-heading\">A falta de representa\u00e7\u00e3o em setores-chave (pol\u00edtica, educa\u00e7\u00e3o, mercado de trabalho)<\/h3>\n\n<p>A baixa representatividade de pessoas diversas no mercado de trabalho, em cargos-chave e no cen\u00e1rio pol\u00edtico, ainda \u00e9 um grande desafio para a inclus\u00e3o e a equidade no Brasil. A aus\u00eancia desses indiv\u00edduos em espa\u00e7os estrat\u00e9gicos perpetua desigualdades e impede a formula\u00e7\u00e3o de pol\u00edticas p\u00fablicas que atendam de forma justa \u00e0s necessidades dessas popula\u00e7\u00f5es.<\/p>\n\n<p>Para combater essa exclus\u00e3o, foram implementadas e estimuladas a cotas m\u00ednimas dentro de empresas e partidos pol\u00edticos. Em determinados casos, atender a essa exig\u00eancia \u00e9 essencial para participa\u00e7\u00e3o em espa\u00e7os midi\u00e1ticos, determina\u00e7\u00e3o de metas e amplia\u00e7\u00e3o de oportunidades pol\u00edticas.\u00a0<\/p>\n\n<p>No meio educacional, a cria\u00e7\u00e3o das cotas estudantis tem possibilitado que pessoas que antes n\u00e3o tinham perspectiva de ingressar em universidades p\u00fablicas agora possam conquistar uma vaga no ensino superior.\u00a0<\/p>\n\n<h2 class=\"wp-block-heading\">Boas pr\u00e1ticas e iniciativas de inclus\u00e3o e equidade<\/h2>\n\n<p>Para n\u00e3o s\u00f3 apoiar, mas tamb\u00e9m estimular a cria\u00e7\u00e3o e implementa\u00e7\u00e3o de boas pr\u00e1ticas que envolvam\u00a0 diversidade, equidade e inclus\u00e3o, o Governo Federal e as empresas t\u00eam se empenhado em iniciativas que ampliem a representatividade e garantam oportunidades mais justas tanto na sociedade como um todo quanto no quadro de pessoas colaboradoras. Agora, confira alguns casos de sucesso:<\/p>\n\n<h3 class=\"wp-block-heading\">Exemplos de empresas que adotaram pr\u00e1ticas inclusivas<\/h3>\n\n<p>Grandes empresas, como o Banco Pan, Neon, Instituto Nu e o Hospital Albert Einstein, realizaram a\u00e7\u00f5es concretas de inclus\u00e3o, promovendo oportunidades para grupos historicamente sub-representados no mercado de trabalho. Como parceiras da Toti Diversidade, essas organiza\u00e7\u00f5es apoiaram a capacita\u00e7\u00e3o de refugiados e migrantes em situa\u00e7\u00e3o de vulnerabilidade social, com o objetivo de contribuir para a redu\u00e7\u00e3o das desigualdades no acesso ao emprego formal.<\/p>\n\n<p>Outras empresas parceiras, como o Grupo Globo, investiram em projetos de voluntariado corporativo, engajando seus colaboradores em iniciativas sociais que promoveram o desenvolvimento de grupos minorizados. Al\u00e9m disso, organiza\u00e7\u00f5es como a Ra\u00edzen, Iteris e Alura Latam implementaram pol\u00edticas de contrata\u00e7\u00e3o voltadas para refugiados e migrantes, em parceria com a Toti, para fortalecer a diversidade em suas equipes de trabalho.<\/p>\n\n<h3 class=\"wp-block-heading\">Iniciativas governamentais e da sociedade civil<\/h3>\n\n<p>Assim como a capacita\u00e7\u00e3o de grupos minorizados, as empresas passaram a promover processos seletivos mais inclusivos e diversos, proporcionando oportunidades reais para mulheres, negros, refugiados e popula\u00e7\u00e3o LGBTQIAP+\u00a0 ingressarem no mercado de trabalho.<\/p>\n\n<p>Al\u00e9m das cotas, o Governo Federal tem adotado uma posi\u00e7\u00e3o inclusiva e diversa em seu quadro de pessoas colaboradoras.\u00a0 Entre os nomeados para cargos de confian\u00e7a, h\u00e1 \u00a0 negros, mulheres, ind\u00edgenas e pessoas LGBTQIAP+.<\/p>\n\t\t\t\t\t\t\t\t<\/div>\n\t\t\t\t<\/div>\n\t\t\t\t<div class=\"elementor-element elementor-element-d9e09d2 elementor-widget elementor-widget-image\" data-id=\"d9e09d2\" data-element_type=\"widget\" data-widget_type=\"image.default\">\n\t\t\t\t<div class=\"elementor-widget-container\">\n\t\t\t\t\t\t\t\t\t\t\t\t\t\t\t\t<a href=\"https:\/\/totidiversidade.com.br\/blog\/planilha-calculadora-de-diversidade\/?utm_source=blog-esg&#038;utm_medium=banner-no-texto&#038;utm_campaign=banner-no-texto-calculadora-diversidade&#038;utm_term=diversidade-cultural-no-brasil&#038;utm_content=prancheta-grafico\">\n\t\t\t\t\t\t\t<img decoding=\"async\" width=\"800\" height=\"168\" src=\"https:\/\/totidiversidade.com.br\/blog\/wp-content\/uploads\/2025\/02\/Banner-Calculadora-Diversidade-2-e1741719664880-1024x215.jpg\" class=\"attachment-large size-large wp-image-8575\" alt=\"Acesse gratuitamente a calculadora de diversidade.\" srcset=\"https:\/\/totidiversidade.com.br\/blog\/wp-content\/uploads\/2025\/02\/Banner-Calculadora-Diversidade-2-e1741719664880-1024x215.jpg 1024w, https:\/\/totidiversidade.com.br\/blog\/wp-content\/uploads\/2025\/02\/Banner-Calculadora-Diversidade-2-e1741719664880-300x63.jpg 300w, https:\/\/totidiversidade.com.br\/blog\/wp-content\/uploads\/2025\/02\/Banner-Calculadora-Diversidade-2-e1741719664880-768x161.jpg 768w, https:\/\/totidiversidade.com.br\/blog\/wp-content\/uploads\/2025\/02\/Banner-Calculadora-Diversidade-2-e1741719664880.jpg 1044w\" sizes=\"(max-width: 800px) 100vw, 800px\" \/>\t\t\t\t\t\t\t\t<\/a>\n\t\t\t\t\t\t\t\t\t\t\t\t\t\t\t<\/div>\n\t\t\t\t<\/div>\n\t\t\t\t\t<\/div>\n\t\t\t\t<\/div>\n\t\t<div class=\"elementor-element elementor-element-dd1ff08 e-flex e-con-boxed e-con e-parent\" data-id=\"dd1ff08\" data-element_type=\"container\">\n\t\t\t\t\t<div class=\"e-con-inner\">\n\t\t\t\t<div class=\"elementor-element elementor-element-604c022 elementor-widget elementor-widget-text-editor\" data-id=\"604c022\" data-element_type=\"widget\" data-widget_type=\"text-editor.default\">\n\t\t\t\t<div class=\"elementor-widget-container\">\n\t\t\t\t\t\t\t\t\t<h2>Qual o papel da educa\u00e7\u00e3o na inclus\u00e3o e diversidade?<\/h2>\n<p><span style=\"font-weight: 400;\">De acordo com Paulo Freire, somente por meio da educa\u00e7\u00e3o \u00e9 poss\u00edvel conquistar uma sociedade mais humana e transformadora, em que homens e mulheres sejam os sujeitos de sua pr\u00f3pria hist\u00f3ria.<\/span><\/p>\n<p><span style=\"font-weight: 400;\">Nesse cen\u00e1rio, as escolas e universidades possuem um papel importante na redu\u00e7\u00e3o e no combate ao impacto que a exclus\u00e3o e o preconceito ainda causam a diversos grupos minorizados da nossa sociedade.<\/span><\/p>\n<h3>Como as escolas podem promover a equidade e o respeito \u00e0s culturas<\/h3>\n<p><span style=\"font-weight: 400;\">O papel que as escolas t\u00eam na forma\u00e7\u00e3o de indiv\u00edduos que tenham pensamento cr\u00edtico \u00e9 fundamental. Quando os cidad\u00e3os conhecem seus direitos e deveres e entendem que todos devem receber oportunidades equitativas, a sociedade funciona melhor.<\/span><\/p>\n<p><span style=\"font-weight: 400;\">Para isso, as institui\u00e7\u00f5es de ensino podem promover projetos a fim de celebrar a diversidade lingu\u00edstica e cultural. Eventos que envolvam a comunidade tamb\u00e9m s\u00e3o um recurso para ensinar o respeito e a valoriza\u00e7\u00e3o das diferen\u00e7as, de forma a criar uma conviv\u00eancia harm\u00f4nica e respeitosa.<\/span><\/p>\n<p><span style=\"font-weight: 400;\">Assim, a cultura de paz e respeito \u00e0s diferen\u00e7as, disseminada pelas escolas, \u00e9 capaz de criar ambientes em que cada indiv\u00edduo possa se expressar livremente, sem ser discriminado, exclu\u00eddo ou sofrer qualquer tipo de viol\u00eancia.<\/span><\/p>\n<p><span style=\"font-weight: 400;\">\u00c9 papel da escola aprimorar a educa\u00e7\u00e3o que seus alunos recebem desde casa, proporcionar conhecimentos que possibilitem a conviv\u00eancia em sociedade e contribuir para a forma\u00e7\u00e3o de cidad\u00e3os respons\u00e1veis, respeitosos e que se empenhem em tratar a todos de maneira justa, independentemente de suas diferen\u00e7as ideol\u00f3gicas, f\u00edsicas ou \u00e9tnicas.<\/span><\/p>\n<h3>Projetos educacionais que valorizam a diversidade cultural<\/h3>\n<p><span style=\"font-weight: 400;\">\u00c9 imprescind\u00edvel implementar projetos que ofere\u00e7am uma educa\u00e7\u00e3o de qualidade e mais inclusiva a todos os cidad\u00e3os, para que se formem indiv\u00edduos capazes de abra\u00e7ar as diferen\u00e7as e tirar o melhor proveito das m\u00faltiplas experi\u00eancias das pessoas que nos cercam.<\/span><\/p>\n<p><span style=\"font-weight: 400;\">Isso pode ser feito por meio de projetos que envolvam a leitura de livros e hist\u00f3rias que abordam diferen\u00e7as culturais, \u00e9tnicas, raciais, de g\u00eanero e defici\u00eancia, al\u00e9m de atividades l\u00fadicas que promovam o respeito e a valoriza\u00e7\u00e3o da diversidade.<\/span><\/p>\n<p><span style=\"font-weight: 400;\">Al\u00e9m disso, a visita a museus, comunidades diversas, cenas culturais e centros interraciais estimula a conviv\u00eancia com a diversidade, sua compreens\u00e3o e a aceita\u00e7\u00e3o das diferen\u00e7as. Debates e discuss\u00f5es sobre temas variados, como igualdade de g\u00eanero, justi\u00e7a social e racial, tamb\u00e9m s\u00e3o ferramentas essenciais para a valoriza\u00e7\u00e3o da <\/span><a href=\"https:\/\/totidiversidade.com.br\/blog\/diversidade-cultural-nas-empresas\/\"><span style=\"font-weight: 400;\">diversidade cultural<\/span><\/a><span style=\"font-weight: 400;\">.<\/span><\/p>\n<h2>Qual o futuro da inclus\u00e3o e equidade no Brasil?<\/h2>\n<p><span style=\"font-weight: 400;\">Para a obten\u00e7\u00e3o de uma sociedade mais diversa e inclusiva, \u00e9 preciso que os cidad\u00e3os se preparem para isso, e as escolas j\u00e1 desempenham um papel importante no desenvolvimento de indiv\u00edduos que valorizem a diversidade de forma natural.<\/span><\/p>\n<h3>O papel das novas gera\u00e7\u00f5es na transforma\u00e7\u00e3o social<\/h3>\n<p><span style=\"font-weight: 400;\">Os jovens j\u00e1 perceberam que o mundo melhor com o qual todos sonham depende de muitas mudan\u00e7as, em especial de pautas como o fim do preconceito e do racismo, a valoriza\u00e7\u00e3o dos direitos humanos e das mulheres e a preserva\u00e7\u00e3o do meio ambiente.<\/span><\/p>\n<p><span style=\"font-weight: 400;\">Para que seja realmente poss\u00edvel conquistar uma sociedade justa, com uma conviv\u00eancia harmoniosa, emp\u00e1tica e respeitosa com as diferen\u00e7as, as novas gera\u00e7\u00f5es est\u00e3o cada vez mais atentas ao que deve ser feito e modificado para que sejam capazes de fazer a diferen\u00e7a na constru\u00e7\u00e3o de um futuro inclusivo e com equidade.<\/span><\/p>\n<p><span style=\"font-weight: 400;\">Muitos projetos s\u00e3o criados ou contam com a participa\u00e7\u00e3o da camada mais jovem da sociedade, que j\u00e1 percebeu que, para efetuar mudan\u00e7as, \u00e9 preciso colocar a m\u00e3o na massa e trabalhar para a obten\u00e7\u00e3o de melhorias.<\/span><\/p>\n<h3>O impacto das pol\u00edticas p\u00fablicas e a necessidade de a\u00e7\u00f5es concretas<\/h3>\n<p><span style=\"font-weight: 400;\">Mesmo sabendo que os jovens representam o futuro do pa\u00eds e t\u00eam papel ativo para a transforma\u00e7\u00e3o social, \u00e9 necess\u00e1rio que o governo desenvolva cada vez mais formas de levar diversidade, equidade e inclus\u00e3o a todas as camadas da nossa sociedade, criando, assim, ferramentas de mudan\u00e7as.<\/span><\/p>\n<p><span style=\"font-weight: 400;\">Somente por meio de pol\u00edticas p\u00fablicas e parcerias p\u00fablico-privadas a sociedade poder\u00e1 vislumbrar a chance de proporcionar melhores condi\u00e7\u00f5es de vida a todos, garantindo equidade em rela\u00e7\u00e3o ao crescimento profissional e pessoal e incentivando uma sociedade mais emp\u00e1tica e harmoniosa.<\/span><\/p>\n<p><span style=\"font-weight: 400;\">Nesse sentido, projetos de lei, regras de inclus\u00e3o, oferta de benef\u00edcios fiscais, lei de cotas, programas de distribui\u00e7\u00e3o de renda, entre outras medidas, s\u00e3o extremamente necess\u00e1rias para que a sociedade possa evoluir e oferecer equidade e inclus\u00e3o a todos.<\/span><\/p>\t\t\t\t\t\t\t\t<\/div>\n\t\t\t\t<\/div>\n\t\t\t\t\t<\/div>\n\t\t\t\t<\/div>\n\t\t\t\t<\/div>\n\t\t","protected":false},"excerpt":{"rendered":"<p>Entenda a situa\u00e7\u00e3o da diversidade cultural no Brasil e como a equidade e inclus\u00e3o podem transformar a sociedade. Descubra os desafios e boas pr\u00e1ticas do processo.<\/p>\n","protected":false},"author":5,"featured_media":8719,"comment_status":"closed","ping_status":"closed","sticky":false,"template":"","format":"standard","meta":{"footnotes":""},"categories":[1],"tags":[182,186],"class_list":["post-8718","post","type-post","status-publish","format-standard","has-post-thumbnail","hentry","category-diversidade-e-esg","tag-banner-lateral-banco-de-diversidade","tag-banner-no-texto-calculadora-diversidade"],"yoast_head":"<!-- This site is optimized with the Yoast SEO plugin v25.7 - https:\/\/yoast.com\/wordpress\/plugins\/seo\/ -->\n<title>Desafios da equidade, inclus\u00e3o e diversidade cultural no Brasil<\/title>\n<meta name=\"description\" content=\"Entenda a situa\u00e7\u00e3o da diversidade cultural no Brasil e como a equidade e inclus\u00e3o podem transformar a sociedade. Descubra os desafios e boas pr\u00e1ticas do processo.\" \/>\n<meta name=\"robots\" content=\"index, follow, max-snippet:-1, max-image-preview:large, max-video-preview:-1\" \/>\n<link rel=\"canonical\" href=\"https:\/\/totidiversidade.com.br\/blog\/diversidade-cultural-no-brasil\/\" \/>\n<meta property=\"og:locale\" content=\"pt_BR\" \/>\n<meta property=\"og:type\" content=\"article\" \/>\n<meta property=\"og:title\" content=\"Desafios da equidade, inclus\u00e3o e diversidade cultural no Brasil\" \/>\n<meta property=\"og:description\" content=\"Entenda a situa\u00e7\u00e3o da diversidade cultural no Brasil e como a equidade e inclus\u00e3o podem transformar a sociedade. Descubra os desafios e boas pr\u00e1ticas do processo.\" \/>\n<meta property=\"og:url\" content=\"https:\/\/totidiversidade.com.br\/blog\/diversidade-cultural-no-brasil\/\" \/>\n<meta property=\"og:site_name\" content=\"Blog Diversidade e ESG | Toti\" \/>\n<meta property=\"article:published_time\" content=\"2025-03-10T19:20:00+00:00\" \/>\n<meta property=\"article:modified_time\" content=\"2026-04-29T23:58:03+00:00\" \/>\n<meta property=\"og:image\" content=\"https:\/\/totidiversidade.com.br\/blog\/wp-content\/uploads\/2025\/03\/Diversidade-cultural-no-Brasil.jpg?_t=1777507083\" \/>\n\t<meta property=\"og:image:width\" content=\"1080\" \/>\n\t<meta property=\"og:image:height\" content=\"721\" \/>\n\t<meta property=\"og:image:type\" content=\"image\/jpeg\" \/>\n<meta name=\"author\" content=\"Natasha Ara\u00fajo\" \/>\n<meta name=\"twitter:card\" content=\"summary_large_image\" \/>\n<meta name=\"twitter:label1\" content=\"Escrito por\" \/>\n\t<meta name=\"twitter:data1\" content=\"Natasha Ara\u00fajo\" \/>\n\t<meta name=\"twitter:label2\" content=\"Est. tempo de leitura\" \/>\n\t<meta name=\"twitter:data2\" content=\"15 minutos\" \/>\n<script type=\"application\/ld+json\" class=\"yoast-schema-graph\">{\"@context\":\"https:\/\/schema.org\",\"@graph\":[{\"@type\":\"WebPage\",\"@id\":\"https:\/\/totidiversidade.com.br\/blog\/diversidade-cultural-no-brasil\/\",\"url\":\"https:\/\/totidiversidade.com.br\/blog\/diversidade-cultural-no-brasil\/\",\"name\":\"Desafios da equidade, inclus\u00e3o e diversidade cultural no Brasil\",\"isPartOf\":{\"@id\":\"https:\/\/totidiversidade.com.br\/blog\/#website\"},\"primaryImageOfPage\":{\"@id\":\"https:\/\/totidiversidade.com.br\/blog\/diversidade-cultural-no-brasil\/#primaryimage\"},\"image\":{\"@id\":\"https:\/\/totidiversidade.com.br\/blog\/diversidade-cultural-no-brasil\/#primaryimage\"},\"thumbnailUrl\":\"https:\/\/totidiversidade.com.br\/blog\/wp-content\/uploads\/2025\/03\/Diversidade-cultural-no-Brasil.jpg\",\"datePublished\":\"2025-03-10T19:20:00+00:00\",\"dateModified\":\"2026-04-29T23:58:03+00:00\",\"author\":{\"@id\":\"https:\/\/totidiversidade.com.br\/blog\/#\/schema\/person\/1e081226da2876ce80b09a7508040c61\"},\"description\":\"Entenda a situa\u00e7\u00e3o da diversidade cultural no Brasil e como a equidade e inclus\u00e3o podem transformar a sociedade. Descubra os desafios e boas pr\u00e1ticas do processo.\",\"breadcrumb\":{\"@id\":\"https:\/\/totidiversidade.com.br\/blog\/diversidade-cultural-no-brasil\/#breadcrumb\"},\"inLanguage\":\"pt-BR\",\"potentialAction\":[{\"@type\":\"ReadAction\",\"target\":[\"https:\/\/totidiversidade.com.br\/blog\/diversidade-cultural-no-brasil\/\"]}]},{\"@type\":\"ImageObject\",\"inLanguage\":\"pt-BR\",\"@id\":\"https:\/\/totidiversidade.com.br\/blog\/diversidade-cultural-no-brasil\/#primaryimage\",\"url\":\"https:\/\/totidiversidade.com.br\/blog\/wp-content\/uploads\/2025\/03\/Diversidade-cultural-no-Brasil.jpg\",\"contentUrl\":\"https:\/\/totidiversidade.com.br\/blog\/wp-content\/uploads\/2025\/03\/Diversidade-cultural-no-Brasil.jpg\",\"width\":1080,\"height\":721,\"caption\":\"Diversidade, inclus\u00e3o e equidade andam juntas para um mundo mais justo\"},{\"@type\":\"BreadcrumbList\",\"@id\":\"https:\/\/totidiversidade.com.br\/blog\/diversidade-cultural-no-brasil\/#breadcrumb\",\"itemListElement\":[{\"@type\":\"ListItem\",\"position\":1,\"name\":\"In\u00edcio\",\"item\":\"https:\/\/totidiversidade.com.br\/blog\/\"},{\"@type\":\"ListItem\",\"position\":2,\"name\":\"Equidade, inclus\u00e3o e diversidade cultural no Brasil: qual \u00e9 a situa\u00e7\u00e3o?\"}]},{\"@type\":\"WebSite\",\"@id\":\"https:\/\/totidiversidade.com.br\/blog\/#website\",\"url\":\"https:\/\/totidiversidade.com.br\/blog\/\",\"name\":\"Blog Toti Diversidade\",\"description\":\"Leia no blog da TOTI sobre diversidade, ESG e inclus\u00e3o de refugiados no mercado de tecnologia. Conte\u00fado que transforma empresas e vidas.\",\"alternateName\":\"Blog Toti\",\"potentialAction\":[{\"@type\":\"SearchAction\",\"target\":{\"@type\":\"EntryPoint\",\"urlTemplate\":\"https:\/\/totidiversidade.com.br\/blog\/?s={search_term_string}\"},\"query-input\":{\"@type\":\"PropertyValueSpecification\",\"valueRequired\":true,\"valueName\":\"search_term_string\"}}],\"inLanguage\":\"pt-BR\"},{\"@type\":\"Person\",\"@id\":\"https:\/\/totidiversidade.com.br\/blog\/#\/schema\/person\/1e081226da2876ce80b09a7508040c61\",\"name\":\"Natasha Ara\u00fajo\",\"image\":{\"@type\":\"ImageObject\",\"inLanguage\":\"pt-BR\",\"@id\":\"https:\/\/totidiversidade.com.br\/blog\/#\/schema\/person\/image\/\",\"url\":\"https:\/\/secure.gravatar.com\/avatar\/afe8cacf7a05e50fccc842b4acf6ab6c60e3453d15d17227e2a03ce32d3b1c64?s=96&d=mm&r=g\",\"contentUrl\":\"https:\/\/secure.gravatar.com\/avatar\/afe8cacf7a05e50fccc842b4acf6ab6c60e3453d15d17227e2a03ce32d3b1c64?s=96&d=mm&r=g\",\"caption\":\"Natasha Ara\u00fajo\"},\"url\":\"https:\/\/totidiversidade.com.br\/blog\/author\/natasha-araujo\/\"}]}<\/script>\n<!-- \/ Yoast SEO plugin. -->","yoast_head_json":{"title":"Desafios da equidade, inclus\u00e3o e diversidade cultural no Brasil","description":"Entenda a situa\u00e7\u00e3o da diversidade cultural no Brasil e como a equidade e inclus\u00e3o podem transformar a sociedade. Descubra os desafios e boas pr\u00e1ticas do processo.","robots":{"index":"index","follow":"follow","max-snippet":"max-snippet:-1","max-image-preview":"max-image-preview:large","max-video-preview":"max-video-preview:-1"},"canonical":"https:\/\/totidiversidade.com.br\/blog\/diversidade-cultural-no-brasil\/","og_locale":"pt_BR","og_type":"article","og_title":"Desafios da equidade, inclus\u00e3o e diversidade cultural no Brasil","og_description":"Entenda a situa\u00e7\u00e3o da diversidade cultural no Brasil e como a equidade e inclus\u00e3o podem transformar a sociedade. Descubra os desafios e boas pr\u00e1ticas do processo.","og_url":"https:\/\/totidiversidade.com.br\/blog\/diversidade-cultural-no-brasil\/","og_site_name":"Blog Diversidade e ESG | Toti","article_published_time":"2025-03-10T19:20:00+00:00","article_modified_time":"2026-04-29T23:58:03+00:00","og_image":[{"width":1080,"height":721,"url":"https:\/\/totidiversidade.com.br\/blog\/wp-content\/uploads\/2025\/03\/Diversidade-cultural-no-Brasil.jpg?_t=1777507083","type":"image\/jpeg"}],"author":"Natasha Ara\u00fajo","twitter_card":"summary_large_image","twitter_misc":{"Escrito por":"Natasha Ara\u00fajo","Est. tempo de leitura":"15 minutos"},"schema":{"@context":"https:\/\/schema.org","@graph":[{"@type":"WebPage","@id":"https:\/\/totidiversidade.com.br\/blog\/diversidade-cultural-no-brasil\/","url":"https:\/\/totidiversidade.com.br\/blog\/diversidade-cultural-no-brasil\/","name":"Desafios da equidade, inclus\u00e3o e diversidade cultural no Brasil","isPartOf":{"@id":"https:\/\/totidiversidade.com.br\/blog\/#website"},"primaryImageOfPage":{"@id":"https:\/\/totidiversidade.com.br\/blog\/diversidade-cultural-no-brasil\/#primaryimage"},"image":{"@id":"https:\/\/totidiversidade.com.br\/blog\/diversidade-cultural-no-brasil\/#primaryimage"},"thumbnailUrl":"https:\/\/totidiversidade.com.br\/blog\/wp-content\/uploads\/2025\/03\/Diversidade-cultural-no-Brasil.jpg","datePublished":"2025-03-10T19:20:00+00:00","dateModified":"2026-04-29T23:58:03+00:00","author":{"@id":"https:\/\/totidiversidade.com.br\/blog\/#\/schema\/person\/1e081226da2876ce80b09a7508040c61"},"description":"Entenda a situa\u00e7\u00e3o da diversidade cultural no Brasil e como a equidade e inclus\u00e3o podem transformar a sociedade. Descubra os desafios e boas pr\u00e1ticas do processo.","breadcrumb":{"@id":"https:\/\/totidiversidade.com.br\/blog\/diversidade-cultural-no-brasil\/#breadcrumb"},"inLanguage":"pt-BR","potentialAction":[{"@type":"ReadAction","target":["https:\/\/totidiversidade.com.br\/blog\/diversidade-cultural-no-brasil\/"]}]},{"@type":"ImageObject","inLanguage":"pt-BR","@id":"https:\/\/totidiversidade.com.br\/blog\/diversidade-cultural-no-brasil\/#primaryimage","url":"https:\/\/totidiversidade.com.br\/blog\/wp-content\/uploads\/2025\/03\/Diversidade-cultural-no-Brasil.jpg","contentUrl":"https:\/\/totidiversidade.com.br\/blog\/wp-content\/uploads\/2025\/03\/Diversidade-cultural-no-Brasil.jpg","width":1080,"height":721,"caption":"Diversidade, inclus\u00e3o e equidade andam juntas para um mundo mais justo"},{"@type":"BreadcrumbList","@id":"https:\/\/totidiversidade.com.br\/blog\/diversidade-cultural-no-brasil\/#breadcrumb","itemListElement":[{"@type":"ListItem","position":1,"name":"In\u00edcio","item":"https:\/\/totidiversidade.com.br\/blog\/"},{"@type":"ListItem","position":2,"name":"Equidade, inclus\u00e3o e diversidade cultural no Brasil: qual \u00e9 a situa\u00e7\u00e3o?"}]},{"@type":"WebSite","@id":"https:\/\/totidiversidade.com.br\/blog\/#website","url":"https:\/\/totidiversidade.com.br\/blog\/","name":"Blog Toti Diversidade","description":"Leia no blog da TOTI sobre diversidade, ESG e inclus\u00e3o de refugiados no mercado de tecnologia. Conte\u00fado que transforma empresas e vidas.","alternateName":"Blog Toti","potentialAction":[{"@type":"SearchAction","target":{"@type":"EntryPoint","urlTemplate":"https:\/\/totidiversidade.com.br\/blog\/?s={search_term_string}"},"query-input":{"@type":"PropertyValueSpecification","valueRequired":true,"valueName":"search_term_string"}}],"inLanguage":"pt-BR"},{"@type":"Person","@id":"https:\/\/totidiversidade.com.br\/blog\/#\/schema\/person\/1e081226da2876ce80b09a7508040c61","name":"Natasha Ara\u00fajo","image":{"@type":"ImageObject","inLanguage":"pt-BR","@id":"https:\/\/totidiversidade.com.br\/blog\/#\/schema\/person\/image\/","url":"https:\/\/secure.gravatar.com\/avatar\/afe8cacf7a05e50fccc842b4acf6ab6c60e3453d15d17227e2a03ce32d3b1c64?s=96&d=mm&r=g","contentUrl":"https:\/\/secure.gravatar.com\/avatar\/afe8cacf7a05e50fccc842b4acf6ab6c60e3453d15d17227e2a03ce32d3b1c64?s=96&d=mm&r=g","caption":"Natasha Ara\u00fajo"},"url":"https:\/\/totidiversidade.com.br\/blog\/author\/natasha-araujo\/"}]}},"_links":{"self":[{"href":"https:\/\/totidiversidade.com.br\/blog\/wp-json\/wp\/v2\/posts\/8718","targetHints":{"allow":["GET"]}}],"collection":[{"href":"https:\/\/totidiversidade.com.br\/blog\/wp-json\/wp\/v2\/posts"}],"about":[{"href":"https:\/\/totidiversidade.com.br\/blog\/wp-json\/wp\/v2\/types\/post"}],"author":[{"embeddable":true,"href":"https:\/\/totidiversidade.com.br\/blog\/wp-json\/wp\/v2\/users\/5"}],"replies":[{"embeddable":true,"href":"https:\/\/totidiversidade.com.br\/blog\/wp-json\/wp\/v2\/comments?post=8718"}],"version-history":[{"count":13,"href":"https:\/\/totidiversidade.com.br\/blog\/wp-json\/wp\/v2\/posts\/8718\/revisions"}],"predecessor-version":[{"id":9521,"href":"https:\/\/totidiversidade.com.br\/blog\/wp-json\/wp\/v2\/posts\/8718\/revisions\/9521"}],"wp:featuredmedia":[{"embeddable":true,"href":"https:\/\/totidiversidade.com.br\/blog\/wp-json\/wp\/v2\/media\/8719"}],"wp:attachment":[{"href":"https:\/\/totidiversidade.com.br\/blog\/wp-json\/wp\/v2\/media?parent=8718"}],"wp:term":[{"taxonomy":"category","embeddable":true,"href":"https:\/\/totidiversidade.com.br\/blog\/wp-json\/wp\/v2\/categories?post=8718"},{"taxonomy":"post_tag","embeddable":true,"href":"https:\/\/totidiversidade.com.br\/blog\/wp-json\/wp\/v2\/tags?post=8718"}],"curies":[{"name":"wp","href":"https:\/\/api.w.org\/{rel}","templated":true}]}}