{"id":9398,"date":"2025-09-03T09:30:00","date_gmt":"2025-09-03T12:30:00","guid":{"rendered":"https:\/\/totidiversidade.com.br\/blog\/?p=9398"},"modified":"2026-03-19T23:22:43","modified_gmt":"2026-03-20T02:22:43","slug":"tipos-e-ideias-de-projetos-sociais-para-empresas","status":"publish","type":"post","link":"https:\/\/totidiversidade.com.br\/blog\/tipos-e-ideias-de-projetos-sociais-para-empresas\/","title":{"rendered":"Conhe\u00e7a 25 ideias de projetos sociais que sua empresa pode apoiar e implementar"},"content":{"rendered":"<div id=\"bsf_rt_marker\"><\/div>\t\t<div data-elementor-type=\"wp-post\" data-elementor-id=\"9398\" class=\"elementor elementor-9398\" data-elementor-post-type=\"post\">\n\t\t\t\t<div class=\"elementor-element elementor-element-4b9ad316 e-flex e-con-boxed e-con e-parent\" data-id=\"4b9ad316\" data-element_type=\"container\">\n\t\t\t\t\t<div class=\"e-con-inner\">\n\t\t\t\t<div class=\"elementor-element elementor-element-2fb2406 elementor-widget elementor-widget-text-editor\" data-id=\"2fb2406\" data-element_type=\"widget\" data-widget_type=\"text-editor.default\">\n\t\t\t\t<div class=\"elementor-widget-container\">\n\t\t\t\t\t\t\t\t\t<figure id=\"attachment_9400\" aria-describedby=\"caption-attachment-9400\" style=\"width: 1075px\" class=\"wp-caption aligncenter\"><img fetchpriority=\"high\" decoding=\"async\" class=\"wp-image-9400 size-full\" src=\"https:\/\/totidiversidade.com.br\/blog\/wp-content\/uploads\/2025\/09\/foto-ideias-de-projetos-sociais.jpg\" alt=\"Grupo diverso de quatro pessoas usando camisetas da Toti Diversidade, reunidos em uma mesa de escrit\u00f3rio e discutindo documentos, representando colabora\u00e7\u00e3o e inclus\u00e3o no ambiente corporativo.\" width=\"1075\" height=\"635\" srcset=\"https:\/\/totidiversidade.com.br\/blog\/wp-content\/uploads\/2025\/09\/foto-ideias-de-projetos-sociais.jpg 1075w, https:\/\/totidiversidade.com.br\/blog\/wp-content\/uploads\/2025\/09\/foto-ideias-de-projetos-sociais-300x177.jpg 300w, https:\/\/totidiversidade.com.br\/blog\/wp-content\/uploads\/2025\/09\/foto-ideias-de-projetos-sociais-1024x605.jpg 1024w, https:\/\/totidiversidade.com.br\/blog\/wp-content\/uploads\/2025\/09\/foto-ideias-de-projetos-sociais-768x454.jpg 768w\" sizes=\"(max-width: 1075px) 100vw, 1075px\" \/><figcaption id=\"caption-attachment-9400\" class=\"wp-caption-text\">Empresas que apoiam projetos sociais transformam vidas e impulsionam seus neg\u00f3cios<\/figcaption><\/figure>\n<p>Com consumidores, investidores e colaboradores cada vez mais atentos ao papel das empresas na sociedade, buscar ideias de projetos sociais para apoiar deixou de ser apenas uma escolha \u00e9tica e passou a ser tamb\u00e9m uma estrat\u00e9gia inteligente.\u00a0<\/p>\n<!-- \/wp:paragraph --><!-- wp:paragraph -->\n<p>A <a href=\"https:\/\/totidiversidade.com.br\/blog\/responsabilidade-social-corporativa\/\">responsabilidade social corporativa<\/a> \u00e9 uma expectativa do mercado e parte fundamental da gest\u00e3o de companhias que buscam gerar valor al\u00e9m do lucro. Com recursos e influ\u00eancia \u00e0 disposi\u00e7\u00e3o, as organiza\u00e7\u00f5es podem transformar realidades e contribuir para avan\u00e7os sociais ao mesmo tempo em que fortalecem sua reputa\u00e7\u00e3o.<\/p>\n<!-- \/wp:paragraph --><!-- wp:paragraph -->\n<p>Por isso, neste artigo, selecionamos 25 ideias de projetos sociais para empresas que desejam gerar impacto positivo. Tamb\u00e9m detalhamos como implementar essas a\u00e7\u00f5es de maneira eficiente e trazemos exemplos de iniciativas bem-sucedidas. Acompanhe!\u00a0<\/p>\n<!-- \/wp:paragraph --><!-- wp:heading -->\n<h2 class=\"wp-block-heading\">O que \u00e9 um projeto social?<\/h2>\n<!-- \/wp:heading --><!-- wp:paragraph -->\n<p>Um projeto social \u00e9 uma iniciativa estruturada que busca promover melhorias na qualidade de vida da popula\u00e7\u00e3o, abordando quest\u00f5es sociais, econ\u00f4micas, culturais ou ambientais.\u00a0<\/p>\n<!-- \/wp:paragraph --><!-- wp:paragraph -->\n<p>Ele pode ter um recorte espec\u00edfico, direcionando suas a\u00e7\u00f5es para determinados grupos ou necessidades, como migrantes e refugiados, pessoas com defici\u00eancia, mulheres, indiv\u00edduos negros ou comunidades indigenas.\u00a0<\/p>\n<!-- \/wp:paragraph --><!-- wp:paragraph -->\n<p>Al\u00e9m disso, os projetos sociais podem variar em termos de escopo e abordagem, dependendo dos problemas que buscam resolver e dos recursos dispon\u00edveis. Eles podem incluir programas de educa\u00e7\u00e3o e capacita\u00e7\u00e3o, iniciativas de sa\u00fade e bem-estar, projetos de preserva\u00e7\u00e3o ambiental, atividades culturais e esportivas, entre outros.\u00a0<\/p>\n<!-- \/wp:paragraph --><!-- wp:paragraph -->\n<p>O sucesso desse tipo de iniciativa depende de uma boa gest\u00e3o, planejamento estrat\u00e9gico e da participa\u00e7\u00e3o ativa tanto da equipe executora quanto dos benefici\u00e1rios. A <a href=\"https:\/\/totidiversidade.com.br\/blog\/o-que-e-avaliacao-de-impacto\/\">avalia\u00e7\u00e3o<\/a> cont\u00ednua e a adapta\u00e7\u00e3o do projeto conforme necess\u00e1rio tamb\u00e9m s\u00e3o importantes para garantir que ele permane\u00e7a relevante e eficaz ao longo do tempo.<\/p>\n<!-- \/wp:paragraph --><!-- wp:heading -->\n<h2 class=\"wp-block-heading\">A import\u00e2ncia dos projetos sociais para empresas e sociedade<\/h2>\n<!-- \/wp:heading --><!-- wp:paragraph -->\n<p>Os projetos sociais possuem um papel fundamental na constru\u00e7\u00e3o de uma sociedade que valoriza a <a href=\"https:\/\/totidiversidade.com.br\/blog\/como-desenvolver-uma-politica-de-diversidade-e-inclusao-eficiente\/\">diversidade e inclus\u00e3o<\/a>. Eles contribuem para reduzir desigualdades, fortalecer comunidades e promover oportunidades <a href=\"https:\/\/totidiversidade.com.br\/blog\/equidade-e-igualdade\/\">equitativas<\/a> para todos, criando bases s\u00f3lidas para o desenvolvimento social, econ\u00f4mico e sustent\u00e1vel.<\/p>\n<!-- \/wp:paragraph --><!-- wp:paragraph -->\n<p>J\u00e1 para as empresas, apoiar projetos sociais representa uma oportunidade de alinhar suas pr\u00e1ticas aos valores de responsabilidade socioambiental.\u00a0<\/p>\n<!-- \/wp:paragraph --><!-- wp:paragraph -->\n<p>Essa atua\u00e7\u00e3o, por sua vez, fortalece a reputa\u00e7\u00e3o das organiza\u00e7\u00f5es diante de consumidores e investidores cada vez mais exigentes quanto ao impacto que as empresas geram na sociedade e no meio ambiente, al\u00e9m de engajar colaboradores e criar conex\u00f5es genu\u00ednas com as comunidades atendidas.<\/p>\n<!-- \/wp:paragraph --><!-- wp:heading -->\n<h2 class=\"wp-block-heading\">Tipos de projetos sociais<\/h2>\n<!-- \/wp:heading --><!-- wp:paragraph -->\n<p>Existem diferentes tipos de projetos sociais, cada um voltado para atender demandas espec\u00edficas da sociedade. Confira alguns deles:<\/p>\n<!-- \/wp:paragraph --><!-- wp:paragraph -->\n<p><strong>Educacionais:<\/strong> iniciativas que promovem educa\u00e7\u00e3o b\u00e1sica, refor\u00e7o escolar, inclus\u00e3o digital e capacita\u00e7\u00e3o profissionalizante.<\/p>\n<!-- \/wp:paragraph --><!-- wp:paragraph -->\n<p><strong>Culturais e esportivos:<\/strong> atividades art\u00edsticas, culturais e esportivas que estimulam a criatividade, a express\u00e3o, o lazer e a integra\u00e7\u00e3o social.<br \/><br \/><strong>Sociais:<\/strong> projetos que buscam reduzir desigualdades e oferecer suporte a pessoas em situa\u00e7\u00e3o de vulnerabilidade.<br \/><br \/><strong>Ambientais:<\/strong> a\u00e7\u00f5es que promovem a preserva\u00e7\u00e3o da natureza e o uso respons\u00e1vel dos recursos naturais.<\/p>\n<!-- \/wp:paragraph --><!-- wp:paragraph -->\n<p><strong>Assistenciais:<\/strong> programas que oferecem suporte emergencial, como alimenta\u00e7\u00e3o, moradia e servi\u00e7os b\u00e1sicos a quem precisa.<br \/><br \/><strong>Empreendedores:<\/strong> iniciativas que estimulam a gera\u00e7\u00e3o de renda, a inova\u00e7\u00e3o e o fortalecimento de pequenos neg\u00f3cios.<\/p>\n<!-- \/wp:paragraph --><!-- wp:paragraph -->\n<p><strong>De sa\u00fade e bem-estar: <\/strong>projetos voltados ao atendimento m\u00e9dico, odontol\u00f3gico, psicol\u00f3gico ou \u00e0 promo\u00e7\u00e3o de h\u00e1bitos saud\u00e1veis.\u00a0<\/p>\n<!-- \/wp:paragraph --><!-- wp:paragraph -->\n<p>Cada tipo de projeto atende a uma necessidade diferente e pode ser adaptado conforme o p\u00fablico-alvo, os recursos dispon\u00edveis e os objetivos da a\u00e7\u00e3o, sempre buscando gerar <a href=\"https:\/\/totidiversidade.com.br\/blog\/projetos-de-impacto-social\/\">impacto social<\/a> positivo e duradouro.<\/p>\n<!-- \/wp:paragraph --><!-- wp:heading -->\n<h2 class=\"wp-block-heading\">25 ideias de projetos sociais que sua empresa pode apoiar<\/h2>\n<!-- \/wp:heading --><!-- wp:paragraph -->\n<p>Existem diversas ideias de projetos sociais capazes de transformar comunidades e aproximar empresas de causas relevantes, e essas iniciativas n\u00e3o apenas geram impacto social, mas tamb\u00e9m fortalecem a reputa\u00e7\u00e3o e o prop\u00f3sito das organiza\u00e7\u00f5es.<\/p>\n<!-- \/wp:paragraph --><!-- wp:paragraph -->\n<p>A seguir, confira 25 op\u00e7\u00f5es de projetos que sua empresa pode implementar, de acordo com seu perfil, setor de atua\u00e7\u00e3o e prop\u00f3sito:<\/p>\n<!-- \/wp:paragraph --><!-- wp:list {\"ordered\":true} -->\n<ol class=\"wp-block-list\"><!-- wp:list-item -->\n<li><strong>Programas de capacita\u00e7\u00e3o profissional:<\/strong> desenvolva iniciativas de educa\u00e7\u00e3o profissionalizante para comunidades em vulnerabilidade social, criando oportunidades de gera\u00e7\u00e3o de renda, recoloca\u00e7\u00e3o no mercado de trabalho e crescimento profissional.<\/li>\n<!-- \/wp:list-item --><!-- wp:list-item -->\n<li><a href=\"https:\/\/totidiversidade.com.br\/blog\/voluntariado-corporativo\/\"><strong>Voluntariado corporativo<\/strong><\/a><strong>:<\/strong> incentive que os colaboradores da sua organiza\u00e7\u00e3o dediquem seu tempo e habilidades a atividades sociais e comunit\u00e1rias.<\/li>\n<!-- \/wp:list-item --><!-- wp:list-item -->\n<li><strong>Mentorias de carreira:<\/strong> crie um programa em que profissionais experientes possam orientar pessoas no in\u00edcio da carreira ou em transi\u00e7\u00e3o de \u00e1rea.<\/li>\n<!-- \/wp:list-item --><!-- wp:list-item -->\n<li><strong>Apoio a refugiados e migrantes:<\/strong> ofere\u00e7a programas de integra\u00e7\u00e3o social, ensino do idioma local, capacita\u00e7\u00e3o profissional e apoio jur\u00eddico, garantindo melhores condi\u00e7\u00f5es de adapta\u00e7\u00e3o e acesso ao mercado de trabalho.<\/li>\n<!-- \/wp:list-item --><!-- wp:list-item -->\n<li><strong>Feiras e programas de <\/strong><a href=\"https:\/\/totidiversidade.com.br\/blog\/diversidade-cultural-nas-empresas\/\"><strong>diversidade cultural<\/strong><\/a><strong>:<\/strong> organize eventos e projetos que valorizem diferentes culturas, origens e etnias para promover mais <a href=\"https:\/\/totidiversidade.com.br\/blog\/como-desenvolver-uma-politica-de-diversidade-e-inclusao-eficiente\/\">inclus\u00e3o<\/a> social.<\/li>\n<!-- \/wp:list-item --><!-- wp:list-item -->\n<li><strong>Apoio a escolas p\u00fablicas:<\/strong> fa\u00e7a parcerias com escolas p\u00fablicas para fornecer material did\u00e1tico, reformas de infraestrutura ou atividades complementares.<\/li>\n<!-- \/wp:list-item --><!-- wp:list-item -->\n<li><strong>Alfabetiza\u00e7\u00e3o de adultos:<\/strong> ofere\u00e7a programas de leitura e escrita para pessoas que n\u00e3o tiveram acesso \u00e0 educa\u00e7\u00e3o b\u00e1sica, ampliando suas oportunidades pessoais e profissionais.<\/li>\n<!-- \/wp:list-item --><!-- wp:list-item -->\n<li><strong>Oficinas de arte: <\/strong>promova atividades art\u00edsticas como pintura, teatro, dan\u00e7a, m\u00fasica ou fotografia para estimular a criatividade e ampliar o acesso \u00e0 cultura.<\/li>\n<!-- \/wp:list-item --><!-- wp:list-item -->\n<li><strong>Parceria com institui\u00e7\u00f5es sociais e ONGs:<\/strong> colabore com organiza\u00e7\u00f5es que j\u00e1 desenvolvem projetos sociais, oferecendo apoio e recursos para ampliar seus resultados. A <a href=\"https:\/\/totidiversidade.com.br\/servicos\/\">Toti<\/a>, por exemplo, conta com projetos voltados \u00e0 inclus\u00e3o e capacita\u00e7\u00e3o que podem ser apoiados por empresas.<\/li>\n<!-- \/wp:list-item --><!-- wp:list-item -->\n<li><strong>Campanhas de doa\u00e7\u00e3o de sangue:<\/strong> organize a\u00e7\u00f5es em parceria com hemocentros para incentivar colaboradores e comunidade a doar sangue, contribuindo para salvar vidas e fortalecer a sa\u00fade p\u00fablica.<\/li>\n<!-- \/wp:list-item --><!-- wp:list-item -->\n<li><strong>Campanhas de coleta seletiva e reciclagem:<\/strong> envolva colaboradores e comunidades na separa\u00e7\u00e3o correta dos res\u00edduos e incentive o reaproveitamento de materiais recicl\u00e1veis.<\/li>\n<!-- \/wp:list-item --><!-- wp:list-item -->\n<li><strong>Plantio de \u00e1rvores e hortas urbanas: <\/strong>incentive a\u00e7\u00f5es de reflorestamento e cria\u00e7\u00e3o de hortas, promovendo sustentabilidade, educa\u00e7\u00e3o ambiental e seguran\u00e7a alimentar para comunidades locais.<\/li>\n<!-- \/wp:list-item --><!-- wp:list-item -->\n<li><strong>Oficinas de gera\u00e7\u00e3o de renda: <\/strong>ofere\u00e7a treinamentos em \u00e1reas como costura, artesanato, culin\u00e1ria ou tecnologia para que participantes possam desenvolver habilidades que possibilitem a cria\u00e7\u00e3o de pequenos neg\u00f3cios.<\/li>\n<!-- \/wp:list-item --><!-- wp:list-item -->\n<li><strong>Projetos de inclus\u00e3o digital: <\/strong>ofere\u00e7a cursos de inform\u00e1tica e capacita\u00e7\u00f5es digitais para jovens, adultos e idosos, ampliando oportunidades de aprendizado, trabalho e participa\u00e7\u00e3o social.<\/li>\n<!-- \/wp:list-item --><!-- wp:list-item -->\n<li><strong>Oficinas de empreendedorismo: <\/strong>ofere\u00e7a cursos voltados ao desenvolvimento de ideias de neg\u00f3cios, gest\u00e3o financeira e planejamento estrat\u00e9gico, estimulando autonomia e gera\u00e7\u00e3o de renda.<\/li>\n<!-- \/wp:list-item --><!-- wp:list-item -->\n<li><strong>Esporte como inclus\u00e3o: <\/strong>apoie escolinhas de futebol, artes marciais e outras modalidades esportivas como ferramentas de disciplina, sa\u00fade e cidadania.<\/li>\n<!-- \/wp:list-item --><!-- wp:list-item -->\n<li><strong>Apoio psicol\u00f3gico comunit\u00e1rio: <\/strong>ofere\u00e7a atendimento psicol\u00f3gico gratuito ou a pre\u00e7os acess\u00edveis, al\u00e9m de rodas de conversa e oficinas de sa\u00fade mental.<\/li>\n<!-- \/wp:list-item --><!-- wp:list-item -->\n<li><strong>Projetos de sa\u00fade preventiva: <\/strong>organize mutir\u00f5es de check-ups m\u00e9dicos, vacina\u00e7\u00e3o e palestras sobre sa\u00fade e bem-estar.<\/li>\n<!-- \/wp:list-item --><!-- wp:list-item -->\n<li><strong>Campanhas de combate \u00e0 fome: <\/strong>incentive programas de doa\u00e7\u00f5es de alimentos e crie cozinhas solid\u00e1rias para reduzir a inseguran\u00e7a alimentar em comunidades vulner\u00e1veis.<\/li>\n<!-- \/wp:list-item --><!-- wp:list-item -->\n<li><strong>Projetos de educa\u00e7\u00e3o financeira: <\/strong>promova cursos e oficinas sobre planejamento de gastos e investimentos acess\u00edveis, ajudando fam\u00edlias a conquistarem maior autonomia econ\u00f4mica.<\/li>\n<!-- \/wp:list-item --><!-- wp:list-item -->\n<li><strong>Cursos de idiomas: <\/strong>disponibilize aulas de ingl\u00eas, espanhol ou outras l\u00ednguas para ampliar oportunidades acad\u00eamicas, profissionais e de integra\u00e7\u00e3o cultural.<strong><br \/><\/strong><\/li>\n<!-- \/wp:list-item --><!-- wp:list-item -->\n<li><a href=\"https:\/\/totidiversidade.com.br\/blog\/hackathons-corporativos\/\"><strong>Hackathons<\/strong><\/a><strong> sociais: <\/strong>organize maratonas de inova\u00e7\u00e3o que podem ter dois focos principais: desenvolver solu\u00e7\u00f5es pr\u00e1ticas para desafios enfrentados por comunidades vulner\u00e1veis ou criar espa\u00e7os para que grupos sub-representados demonstrem suas habilidades, apresentem ideias e contribuam com solu\u00e7\u00f5es relevantes para empresas e sociedade.<\/li>\n<!-- \/wp:list-item --><!-- wp:list-item -->\n<li><strong>Orienta\u00e7\u00e3o jur\u00eddica gratuita: <\/strong>ofere\u00e7a suporte legal em quest\u00f5es trabalhistas, civis e direitos humanos, garantindo que todos tenham acesso ao apoio jur\u00eddico necess\u00e1rio.<\/li>\n<!-- \/wp:list-item --><!-- wp:list-item -->\n<li><strong>Campanhas de combate \u00e0 viol\u00eancia dom\u00e9stica: <\/strong>promova a\u00e7\u00f5es de conscientiza\u00e7\u00e3o, preven\u00e7\u00e3o e apoio a v\u00edtimas, oferecendo informa\u00e7\u00e3o, orienta\u00e7\u00e3o e canais de den\u00fancia seguros.<\/li>\n<!-- \/wp:list-item --><!-- wp:list-item -->\n<li><strong>Escolas de segunda chance:<\/strong> disponibilize cursos voltados a quem n\u00e3o concluiu a educa\u00e7\u00e3o b\u00e1sica, possibilitando a retomada dos estudos e ampliando perspectivas de futuro.<\/li>\n<!-- \/wp:list-item --><\/ol>\n<h2><span data-sheets-root=\"1\">Que tal apoiar um projeto de capacita\u00e7\u00e3o para refugiados e migrantes?<\/span><\/h2>\n<p><span data-sheets-root=\"1\">Sua empresa pode apoiar o projeto por meio de investimento direto ou Leis de Incentivo. Preencha o formul\u00e1rio e entraremos em contato. <\/span><\/p>\n<!-- \/wp:list --><!-- wp:heading --><!-- \/wp:paragraph -->\t\t\t\t\t\t\t\t<\/div>\n\t\t\t\t<\/div>\n\t\t\t\t<div class=\"elementor-element elementor-element-00e737b elementor-widget elementor-widget-template\" data-id=\"00e737b\" data-element_type=\"widget\" data-widget_type=\"template.default\">\n\t\t\t\t<div class=\"elementor-widget-container\">\n\t\t\t\t\t\t\t<div class=\"elementor-template\">\n\t\t\t\t\t<div data-elementor-type=\"archive\" data-elementor-id=\"9757\" class=\"elementor elementor-9757\" data-elementor-post-type=\"elementor_library\">\n\t\t\t<div class=\"elementor-element elementor-element-217d710 e-flex e-con-boxed e-con e-parent\" data-id=\"217d710\" data-element_type=\"container\">\n\t\t\t\t\t<div class=\"e-con-inner\">\n\t\t\t\t<div class=\"elementor-element elementor-element-840e2c3 elementor-button-align-stretch elementor-widget elementor-widget-form\" data-id=\"840e2c3\" data-element_type=\"widget\" data-settings=\"{&quot;step_next_label&quot;:&quot;Pr\\u00f3ximo&quot;,&quot;step_previous_label&quot;:&quot;Anterior&quot;,&quot;button_width&quot;:&quot;100&quot;,&quot;step_type&quot;:&quot;number_text&quot;,&quot;step_icon_shape&quot;:&quot;circle&quot;}\" data-widget_type=\"form.default\">\n\t\t\t\t<div class=\"elementor-widget-container\">\n\t\t\t\t\t\t\t<form class=\"elementor-form\" method=\"post\" id=\"quero_contratar_a_toti\" name=\"Quero contratar a Toti\" aria-label=\"Quero contratar a Toti\" novalidate=\"\">\n\t\t\t<input type=\"hidden\" name=\"post_id\" value=\"9757\"\/>\n\t\t\t<input type=\"hidden\" name=\"form_id\" value=\"840e2c3\"\/>\n\t\t\t<input type=\"hidden\" name=\"referer_title\" value=\"Lei Rouanet para empresas: como funciona e como apoiar\" \/>\n\n\t\t\t\t\t\t\t<input type=\"hidden\" name=\"queried_id\" value=\"9301\"\/>\n\t\t\t\n\t\t\t<div class=\"elementor-form-fields-wrapper elementor-labels-above\">\n\t\t\t\t\t\t\t\t<div class=\"elementor-field-type-text elementor-field-group elementor-column elementor-field-group-name elementor-col-50 elementor-field-required\">\n\t\t\t\t\t\t\t\t\t\t\t\t<label for=\"form-field-name\" class=\"elementor-field-label\">\n\t\t\t\t\t\t\t\tNome\t\t\t\t\t\t\t<\/label>\n\t\t\t\t\t\t\t\t\t\t\t\t\t\t<input size=\"1\" type=\"text\" name=\"form_fields[name]\" id=\"form-field-name\" class=\"elementor-field elementor-size-sm  elementor-field-textual\" placeholder=\"Nome e sobrenome\" required=\"required\">\n\t\t\t\t\t\t\t\t\t\t\t<\/div>\n\t\t\t\t\t\t\t\t<div class=\"elementor-field-type-text elementor-field-group elementor-column elementor-field-group-field_384074e elementor-col-50 elementor-field-required\">\n\t\t\t\t\t\t\t\t\t\t\t\t<label for=\"form-field-field_384074e\" class=\"elementor-field-label\">\n\t\t\t\t\t\t\t\tEmpresa\t\t\t\t\t\t\t<\/label>\n\t\t\t\t\t\t\t\t\t\t\t\t\t\t<input size=\"1\" type=\"text\" name=\"form_fields[field_384074e]\" id=\"form-field-field_384074e\" class=\"elementor-field elementor-size-sm  elementor-field-textual\" placeholder=\"Nome da empresa\/organiza\u00e7\u00e3o\" required=\"required\">\n\t\t\t\t\t\t\t\t\t\t\t<\/div>\n\t\t\t\t\t\t\t\t<div class=\"elementor-field-type-tel elementor-field-group elementor-column elementor-field-group-field_0efd72b elementor-col-50 elementor-field-required\">\n\t\t\t\t\t\t\t\t\t\t\t\t<label for=\"form-field-field_0efd72b\" class=\"elementor-field-label\">\n\t\t\t\t\t\t\t\tTelefone\t\t\t\t\t\t\t<\/label>\n\t\t\t\t\t\t\t\t<input size=\"1\" type=\"tel\" name=\"form_fields[field_0efd72b]\" id=\"form-field-field_0efd72b\" class=\"elementor-field elementor-size-sm  elementor-field-textual\" placeholder=\"(00) 00000-0000\" required=\"required\" pattern=\"[0-9()#&amp;+*-=.]+\" title=\"Apenas n\u00fameros e caracteres de telefone (#, -, *, etc.) s\u00e3o aceitos.\">\n\n\t\t\t\t\t\t<\/div>\n\t\t\t\t\t\t\t\t<div class=\"elementor-field-type-email elementor-field-group elementor-column elementor-field-group-email elementor-col-50 elementor-field-required\">\n\t\t\t\t\t\t\t\t\t\t\t\t<label for=\"form-field-email\" class=\"elementor-field-label\">\n\t\t\t\t\t\t\t\tE-mail\t\t\t\t\t\t\t<\/label>\n\t\t\t\t\t\t\t\t\t\t\t\t\t\t<input size=\"1\" type=\"email\" name=\"form_fields[email]\" id=\"form-field-email\" class=\"elementor-field elementor-size-sm  elementor-field-textual\" placeholder=\"user@exemplo.com.br\" required=\"required\">\n\t\t\t\t\t\t\t\t\t\t\t<\/div>\n\t\t\t\t\t\t\t\t<div class=\"elementor-field-type-select elementor-field-group elementor-column elementor-field-group-field_4d2002f elementor-col-50 elementor-field-required\">\n\t\t\t\t\t\t\t\t\t\t\t\t<label for=\"form-field-field_4d2002f\" class=\"elementor-field-label\">\n\t\t\t\t\t\t\t\tServi\u00e7o de interesse\t\t\t\t\t\t\t<\/label>\n\t\t\t\t\t\t\t\t<div class=\"elementor-field elementor-select-wrapper remove-before \">\n\t\t\t<div class=\"select-caret-down-wrapper\">\n\t\t\t\t<svg aria-hidden=\"true\" class=\"e-font-icon-svg e-eicon-caret-down\" viewBox=\"0 0 571.4 571.4\" xmlns=\"http:\/\/www.w3.org\/2000\/svg\"><path d=\"M571 393Q571 407 561 418L311 668Q300 679 286 679T261 668L11 418Q0 407 0 393T11 368 36 357H536Q550 357 561 368T571 393Z\"><\/path><\/svg>\t\t\t<\/div>\n\t\t\t<select name=\"form_fields[field_4d2002f]\" id=\"form-field-field_4d2002f\" class=\"elementor-field-textual elementor-size-sm\" required=\"required\">\n\t\t\t\t\t\t\t\t\t<option value=\"Lei de Incentivo Federal (Rouanet)\">Lei de Incentivo Federal (Rouanet)<\/option>\n\t\t\t\t\t\t\t\t\t<option value=\"Lei de Incentivo Municipal (ISS\/Rio)\">Lei de Incentivo Municipal (ISS\/Rio)<\/option>\n\t\t\t\t\t\t\t\t\t<option value=\"Programa de Impacto Social\">Programa de Impacto Social<\/option>\n\t\t\t\t\t\t\t\t\t<option value=\"Filantropia Corporativa\">Filantropia Corporativa<\/option>\n\t\t\t\t\t\t\t\t\t<option value=\"Banco de Talentos\">Banco de Talentos<\/option>\n\t\t\t\t\t\t\t\t\t<option value=\"Palestras para empresas\">Palestras para empresas<\/option>\n\t\t\t\t\t\t\t<\/select>\n\t\t<\/div>\n\t\t\t\t\t\t<\/div>\n\t\t\t\t\t\t\t\t<div class=\"elementor-field-type-select elementor-field-group elementor-column elementor-field-group-field_9ca52bf elementor-col-50 elementor-field-required\">\n\t\t\t\t\t\t\t\t\t\t\t\t<label for=\"form-field-field_9ca52bf\" class=\"elementor-field-label\">\n\t\t\t\t\t\t\t\t\u00c1rea que voc\u00ea atua\t\t\t\t\t\t\t<\/label>\n\t\t\t\t\t\t\t\t<div class=\"elementor-field elementor-select-wrapper remove-before \">\n\t\t\t<div class=\"select-caret-down-wrapper\">\n\t\t\t\t<svg aria-hidden=\"true\" class=\"e-font-icon-svg e-eicon-caret-down\" viewBox=\"0 0 571.4 571.4\" xmlns=\"http:\/\/www.w3.org\/2000\/svg\"><path d=\"M571 393Q571 407 561 418L311 668Q300 679 286 679T261 668L11 418Q0 407 0 393T11 368 36 357H536Q550 357 561 368T571 393Z\"><\/path><\/svg>\t\t\t<\/div>\n\t\t\t<select name=\"form_fields[field_9ca52bf]\" id=\"form-field-field_9ca52bf\" class=\"elementor-field-textual elementor-size-sm\" required=\"required\">\n\t\t\t\t\t\t\t\t\t<option value=\"Governan\u00e7a\">Governan\u00e7a<\/option>\n\t\t\t\t\t\t\t\t\t<option value=\"Sustentabilidade\">Sustentabilidade<\/option>\n\t\t\t\t\t\t\t\t\t<option value=\"Responsabilidade Social\">Responsabilidade Social<\/option>\n\t\t\t\t\t\t\t\t\t<option value=\"Filantropia\">Filantropia<\/option>\n\t\t\t\t\t\t\t\t\t<option value=\"Recursos Humanos\">Recursos Humanos<\/option>\n\t\t\t\t\t\t\t\t\t<option value=\"Outros\">Outros<\/option>\n\t\t\t\t\t\t\t<\/select>\n\t\t<\/div>\n\t\t\t\t\t\t<\/div>\n\t\t\t\t\t\t\t\t<div class=\"elementor-field-type-textarea elementor-field-group elementor-column elementor-field-group-message elementor-col-100 elementor-field-required\">\n\t\t\t\t\t\t\t\t\t\t\t\t<label for=\"form-field-message\" class=\"elementor-field-label\">\n\t\t\t\t\t\t\t\tMensagem\t\t\t\t\t\t\t<\/label>\n\t\t\t\t\t\t<textarea class=\"elementor-field-textual elementor-field  elementor-size-sm\" name=\"form_fields[message]\" id=\"form-field-message\" rows=\"2\" placeholder=\"O que voc\u00ea deseja com a Toti?\" required=\"required\"><\/textarea>\t\t\t\t<\/div>\n\t\t\t\t\t\t\t\t<div class=\"elementor-field-type-acceptance elementor-field-group elementor-column elementor-field-group-field_18c8b6b elementor-col-100 elementor-field-required\">\n\t\t\t\t\t\t\t<div class=\"elementor-field-subgroup\">\n\t\t\t<span class=\"elementor-field-option\">\n\t\t\t\t<input type=\"checkbox\" name=\"form_fields[field_18c8b6b]\" id=\"form-field-field_18c8b6b\" class=\"elementor-field elementor-size-sm  elementor-acceptance-field\" required=\"required\">\n\t\t\t\t<label for=\"form-field-field_18c8b6b\">Autorizo receber conte\u00fados da Toti no e-mail e telefone.<\/label>\t\t\t<\/span>\n\t\t<\/div>\n\t\t\t\t\t\t<\/div>\n\t\t\t\t\t\t\t\t<div class=\"elementor-field-type-acceptance elementor-field-group elementor-column elementor-field-group-field_14fd246 elementor-col-100 elementor-field-required\">\n\t\t\t\t\t\t\t<div class=\"elementor-field-subgroup\">\n\t\t\t<span class=\"elementor-field-option\">\n\t\t\t\t<input type=\"checkbox\" name=\"form_fields[field_14fd246]\" id=\"form-field-field_14fd246\" class=\"elementor-field elementor-size-sm  elementor-acceptance-field\" required=\"required\">\n\t\t\t\t<label for=\"form-field-field_14fd246\">Li e concordo com a <a href=\"https:\/\/totidiversidade.com.br\/politica-de-privacidade\" style=\"color: #565757; text-decoration: underline;\" target=\"_blank\">Pol\u00edtica de Privacidade<\/a><\/label>\t\t\t<\/span>\n\t\t<\/div>\n\t\t\t\t\t\t<\/div>\n\t\t\t\t\t\t\t\t<div class=\"elementor-field-type-recaptcha_v3 elementor-field-group elementor-column elementor-field-group-field_8eb367f elementor-col-100 recaptcha_v3-bottomright\">\n\t\t\t\t\t<div class=\"elementor-field\" id=\"form-field-field_8eb367f\"><div class=\"elementor-g-recaptcha\" data-sitekey=\"6Ld-nxcqAAAAAAixYPm6hAX69HIIOlDxELinsJcG\" data-type=\"v3\" data-action=\"Form\" data-badge=\"bottomright\" data-size=\"invisible\"><\/div><\/div>\t\t\t\t<\/div>\n\t\t\t\t\t\t\t\t<div class=\"elementor-field-type-hidden elementor-field-group elementor-column elementor-field-group-PageTitle elementor-col-100\">\n\t\t\t\t\t\t\t\t\t\t\t\t\t<input size=\"1\" type=\"hidden\" name=\"form_fields[PageTitle]\" id=\"form-field-PageTitle\" class=\"elementor-field elementor-size-sm  elementor-field-textual\">\n\t\t\t\t\t\t\t\t\t\t\t<\/div>\n\t\t\t\t\t\t\t\t<div class=\"elementor-field-group elementor-column elementor-field-type-submit elementor-col-100 e-form__buttons\">\n\t\t\t\t\t<button class=\"elementor-button elementor-size-md\" type=\"submit\">\n\t\t\t\t\t\t<span class=\"elementor-button-content-wrapper\">\n\t\t\t\t\t\t\t\t\t\t\t\t\t\t\t\t\t\t\t\t\t\t<span class=\"elementor-button-text\">_Enviar<\/span>\n\t\t\t\t\t\t\t\t\t\t\t\t\t<\/span>\n\t\t\t\t\t<\/button>\n\t\t\t\t<\/div>\n\t\t\t<\/div>\n\t\t<\/form>\n\t\t\t\t\t\t<\/div>\n\t\t\t\t<\/div>\n\t\t\t\t\t<\/div>\n\t\t\t\t<\/div>\n\t\t\t\t<\/div>\n\t\t\t\t<\/div>\n\t\t\t\t\t\t<\/div>\n\t\t\t\t<\/div>\n\t\t\t\t<div class=\"elementor-element elementor-element-1ab552b elementor-widget elementor-widget-text-editor\" data-id=\"1ab552b\" data-element_type=\"widget\" data-widget_type=\"text-editor.default\">\n\t\t\t\t<div class=\"elementor-widget-container\">\n\t\t\t\t\t\t\t\t\t<!-- \/wp:list --><!-- wp:heading -->\n<h2 class=\"wp-block-heading\">Passo a passo para implementar projetos sociais nas empresas\u00a0<\/h2>\n<!-- \/wp:heading --><!-- wp:paragraph -->\n<p>Para que um projeto social seja eficaz, ele precisa ser estruturado com planejamento e alinhado tanto \u00e0s necessidades da comunidade quanto \u00e0 identidade da empresa. A seguir, confira um passo a passo que pode servir como guia para criar iniciativas relevantes e sustent\u00e1veis.<\/p>\n<!-- \/wp:paragraph --><!-- wp:heading {\"level\":3} -->\n<h3 class=\"wp-block-heading\">Identifique as necessidades da comunidade e o perfil da empresa<\/h3>\n<!-- \/wp:heading --><!-- wp:paragraph -->\n<p>Em primeiro lugar, \u00e9 importante mapear os principais desafios enfrentados pela comunidade onde a empresa deseja atuar. Isso pode ser feito por meio de pesquisas, consultas p\u00fablicas e conversas com moradores locais.<\/p>\n<!-- \/wp:paragraph --><!-- wp:paragraph -->\n<p>Na sequ\u00eancia, fa\u00e7a um diagn\u00f3stico interno para analisar os valores, prop\u00f3sitos e o setor de atua\u00e7\u00e3o da sua empresa. Assim, fica mais f\u00e1cil encontrar causas que tenham conex\u00e3o real com o neg\u00f3cio e gerar impacto social de forma aut\u00eantica.<\/p>\n<!-- \/wp:paragraph --><!-- wp:heading {\"level\":3} -->\n<h3 class=\"wp-block-heading\">Defina os objetivos e as metas<\/h3>\n<!-- \/wp:heading --><!-- wp:paragraph -->\n<p>\u00c9 essencial estabelecer objetivos e metas para acompanhar a evolu\u00e7\u00e3o do projeto social. Os objetivos representam o prop\u00f3sito geral da iniciativa, enquanto as metas traduzem esse prop\u00f3sito em n\u00fameros e prazos bem definidos.<\/p>\n<!-- \/wp:paragraph --><!-- wp:paragraph -->\n<p><strong>Exemplo:<\/strong><\/p>\n<!-- \/wp:paragraph --><!-- wp:list -->\n<ul class=\"wp-block-list\"><!-- wp:list-item -->\n<li><strong>Objetivo:<\/strong> contribuir para a inclus\u00e3o produtiva de pessoas refugiadas e migrantes que vivem no Brasil.<\/li>\n<!-- \/wp:list-item --><!-- wp:list-item -->\n<li><strong>Meta:<\/strong> capacitar 100 pessoas em cursos profissionalizantes at\u00e9 junho de 2026.<\/li>\n<!-- \/wp:list-item --><\/ul>\n<!-- \/wp:list --><!-- wp:heading {\"level\":3} -->\n<h3 class=\"wp-block-heading\">Escolha o formato do projeto<\/h3>\n<!-- \/wp:heading --><!-- wp:paragraph -->\n<p>Decida se o projeto ser\u00e1 pontual ou estruturado como um programa cont\u00ednuo, que costuma gerar impacto social mais profundo e duradouro. Iniciativas de longo prazo permitem acompanhar resultados de perto, criar v\u00ednculos s\u00f3lidos com a comunidade e fortalecer a imagem da empresa como agente de transforma\u00e7\u00e3o.<\/p>\n<!-- \/wp:paragraph --><!-- wp:heading {\"level\":3} -->\n<h3 class=\"wp-block-heading\">Fa\u00e7a parcerias<\/h3>\n<!-- \/wp:heading --><!-- wp:paragraph -->\n<p>Executar um bom projeto social n\u00e3o \u00e9 uma tarefa simples. \u00c9 preciso conhecimento, experi\u00eancia e habilidades espec\u00edficas para planejar e colocar as a\u00e7\u00f5es em pr\u00e1tica com efici\u00eancia.<br \/><br \/>Por isso, buscar institui\u00e7\u00f5es com projetos ativos, como a <a href=\"https:\/\/totidiversidade.com.br\/\">Toti<\/a>, pode ser uma \u00f3tima solu\u00e7\u00e3o. Parcerias desse tipo elevam a qualidade das iniciativas, ampliam o alcance do impacto e garantem maior profissionalismo na condu\u00e7\u00e3o do projeto.<\/p>\n<!-- \/wp:paragraph --><!-- wp:heading {\"level\":3} -->\n<h3 class=\"wp-block-heading\">Monte um planejamento<\/h3>\n<!-- \/wp:heading --><!-- wp:paragraph -->\n<p>Organize as etapas do projeto definindo recursos dispon\u00edveis, or\u00e7amento, atividades, respons\u00e1veis, prazos e indicadores de acompanhamento. Esse detalhamento ajuda a manter o foco e a evitar imprevistos.<\/p>\n<!-- \/wp:paragraph --><!-- wp:paragraph -->\n<p>Caso a empresa tenha contratado uma institui\u00e7\u00e3o especializada, \u00e9 poss\u00edvel que essa etapa seja conduzida por ela, oferecendo suporte t\u00e9cnico e garantindo que o planejamento seja realista e alinhado aos objetivos definidos.<\/p>\n<!-- \/wp:paragraph --><!-- wp:paragraph -->\n<h3>Implemente e comunique<\/h3>\n<p>Coloque o projeto em pr\u00e1tica, garantindo que todas as etapas previstas no planejamento sejam executadas. Aproveite para comunicar as a\u00e7\u00f5es dentro e fora da empresa, refor\u00e7ando a transpar\u00eancia e estimulando o engajamento de colaboradores, benefici\u00e1rios e outros p\u00fablicos de interesse.<\/p>\n<!-- \/wp:paragraph --><!-- wp:paragraph -->\n<h3>Avalie e aperfei\u00e7oe<\/h3>\n<!-- \/wp:paragraph --><!-- wp:paragraph -->\n<p>Monitore os resultados periodicamente e verifique se os objetivos e metas est\u00e3o sendo atingidos. A partir dessa an\u00e1lise, fa\u00e7a os ajustes necess\u00e1rios para aperfei\u00e7oar o projeto e ampliar ainda mais o impacto social ao longo do tempo.<\/p>\n<!-- \/wp:paragraph --><!-- wp:heading -->\n<h2 class=\"wp-block-heading\">Exemplos de projetos sociais de sucesso<\/h2>\n<!-- \/wp:heading --><!-- wp:paragraph -->\n<p>Uma boa forma de inspirar seu projeto \u00e9 analisar <a href=\"https:\/\/totidiversidade.com.br\/cases-de-sucesso\/\">cases de sucesso<\/a> que geraram impacto concreto e mensur\u00e1vel. Isso permite identificar pr\u00e1ticas eficazes e visualizar como iniciativas bem estruturadas podem gerar transforma\u00e7\u00e3o social.<\/p>\n<!-- \/wp:paragraph --><!-- wp:paragraph -->\n<p>Confira abaixo dois exemplos.<\/p>\n<!-- \/wp:paragraph --><!-- wp:heading {\"level\":3} -->\n<h3 class=\"wp-block-heading\">Hospital Albert Einstein<\/h3>\n<!-- \/wp:heading --><!-- wp:paragraph -->\n<p>O Hospital Albert Einstein buscou a Toti Diversidade para desenvolver um projeto que conectasse seu compromisso social \u00e0 demanda por profissionais qualificados em an\u00e1lise de dados. A institui\u00e7\u00e3o tamb\u00e9m tinha como objetivo aumentar a diversidade em suas equipes e reduzir o turnover nessa \u00e1rea estrat\u00e9gica.<\/p>\n<!-- \/wp:paragraph --><!-- wp:paragraph -->\n<p>A parceria resultou em uma forma\u00e7\u00e3o completa, com foco em an\u00e1lise de dados e em habilidades comportamentais espec\u00edficas para as necessidades do hospital. O processo foi voltado para refugiados e migrantes de diferentes nacionalidades, ra\u00e7as e g\u00eaneros, refor\u00e7ando a inclus\u00e3o.<\/p>\n<!-- \/wp:paragraph --><!-- wp:paragraph -->\n<p>Como resultado, o Einstein contratou 13 dos estudantes formados para integrar suas equipes, demonstrando que um projeto estruturado pode gerar impacto social positivo e benef\u00edcios diretos para a organiza\u00e7\u00e3o.<\/p>\n<!-- \/wp:paragraph --><!-- wp:paragraph -->\n<p><iframe title=\"Hospital Albert Einstein forma e contrata refugiados e migrantes\" width=\"800\" height=\"450\" src=\"https:\/\/www.youtube.com\/embed\/r7S_FfojPac?feature=oembed\" frameborder=\"0\" allow=\"accelerometer; autoplay; clipboard-write; encrypted-media; gyroscope; picture-in-picture; web-share\" referrerpolicy=\"strict-origin-when-cross-origin\" allowfullscreen><\/iframe><\/p>\n<!-- \/wp:paragraph --><!-- wp:paragraph -->\n<h3>Instituto Nu<\/h3>\n<!-- \/wp:paragraph --><!-- wp:paragraph -->\n<p>O Instituto Nu, iniciativa social do Nubank, buscou a Toti Diversidade para promover a inclus\u00e3o socioprodutiva de pessoas sub-representadas no mercado de trabalho.<\/p>\n<!-- \/wp:paragraph --><!-- wp:paragraph -->\n<p>O projeto ofereceu forma\u00e7\u00e3o profissionalizante para 750 pessoas refugiadas e migrantes, com foco em pessoas negras e mulheres, em \u00e1reas estrat\u00e9gicas de tecnologia: front-end, full stack, back-end e suporte t\u00e9cnico.<\/p>\n<!-- \/wp:paragraph --><!-- wp:paragraph -->\n<p>Essa iniciativa n\u00e3o apenas ampliou as oportunidades de acesso a carreiras digitais para grupos historicamente exclu\u00eddos, como tamb\u00e9m contribuiu para a constru\u00e7\u00e3o de um mercado de trabalho mais diverso e inclusivo, fortalecendo a rela\u00e7\u00e3o entre impacto social e desenvolvimento econ\u00f4mico.<\/p>\n<p><iframe title=\"Toti e Instituto Nu formar\u00e3o 750 refugiados e migrantes\" width=\"800\" height=\"450\" src=\"https:\/\/www.youtube.com\/embed\/j9C4tCQndoU?feature=oembed\" frameborder=\"0\" allow=\"accelerometer; autoplay; clipboard-write; encrypted-media; gyroscope; picture-in-picture; web-share\" referrerpolicy=\"strict-origin-when-cross-origin\" allowfullscreen><\/iframe><\/p>\n<!-- \/wp:paragraph --><!-- wp:heading -->\n<h2 class=\"wp-block-heading\">Conhe\u00e7a o Programa de Impacto Social, um projeto que transforma vidas<\/h2>\n<!-- \/wp:heading --><!-- wp:paragraph -->\n<p>O Programa de Impacto Social \u00e9 uma iniciativa da Toti Diversidade que tem como objetivo gerar inclus\u00e3o produtiva para refugiados e migrantes que vivem no Brasil em situa\u00e7\u00e3o de vulnerabilidade social.<\/p>\n<!-- \/wp:paragraph --><!-- wp:paragraph -->\n<p>Por meio de forma\u00e7\u00f5es profissionalizantes em diversas \u00e1reas corporativas \u2014 com destaque para o setor de tecnologia \u2014 o programa prepara pessoas de diferentes g\u00eaneros, ra\u00e7as, orienta\u00e7\u00f5es sexuais, nacionalidades e culturas para ingressarem no mercado de trabalho.<\/p>\n<!-- \/wp:paragraph --><!-- wp:paragraph -->\n<p>Ao longo de sua trajet\u00f3ria, o programa j\u00e1 contou com o apoio de grandes empresas e institui\u00e7\u00f5es como o Hospital Albert Einstein, Instituto Embraer, Instituto Nu, Banco Neon, Consul e Motorola, que acreditam no poder da educa\u00e7\u00e3o para gerar transforma\u00e7\u00e3o social.<\/p>\n<!-- \/wp:paragraph --><!-- wp:paragraph -->\n<p>Al\u00e9m disso, o projeto pode ser apoiado por empresas tamb\u00e9m via <a href=\"https:\/\/totidiversidade.com.br\/blog\/leis-de-incentivo-fiscal-para-projetos-sociais\/\">leis de incentivo<\/a>, ampliando as possibilidades de engajamento e fortalecendo o alcance do impacto gerado.<\/p>\n<!-- \/wp:paragraph --><!-- wp:paragraph -->\n<p><a href=\"https:\/\/totidiversidade.com.br\/programa-de-impacto-social\/\">Conhe\u00e7a mais sobre o Programa de Impacto Social<\/a> e descubra como sua empresa pode apoiar essa iniciativa transformadora.<\/p>\n<!-- \/wp:paragraph -->\t\t\t\t\t\t\t\t<\/div>\n\t\t\t\t<\/div>\n\t\t\t\t\t<\/div>\n\t\t\t\t<\/div>\n\t\t\t\t<\/div>\n\t\t","protected":false},"excerpt":{"rendered":"<p>Confira 25 ideias de projetos sociais que sua empresa pode apoiar para gerar impacto. Exemplos educacionais, sociais, ambientais e mais!<\/p>\n","protected":false},"author":3,"featured_media":9400,"comment_status":"open","ping_status":"open","sticky":false,"template":"","format":"standard","meta":{"footnotes":""},"categories":[1],"tags":[185,198],"class_list":["post-9398","post","type-post","status-publish","format-standard","has-post-thumbnail","hentry","category-diversidade-e-esg","tag-banner-lateral-guia-esg","tag-form-no-texto"],"yoast_head":"<!-- This site is optimized with the Yoast SEO plugin v25.7 - https:\/\/yoast.com\/wordpress\/plugins\/seo\/ -->\n<title>25 ideias de projetos sociais para sua empresa apoiar<\/title>\n<meta name=\"description\" content=\"Confira 25 ideias de projetos sociais que sua empresa pode apoiar para gerar impacto. Exemplos educacionais, sociais, ambientais e mais!\" \/>\n<meta name=\"robots\" content=\"index, follow, max-snippet:-1, max-image-preview:large, max-video-preview:-1\" \/>\n<link rel=\"canonical\" href=\"https:\/\/totidiversidade.com.br\/blog\/tipos-e-ideias-de-projetos-sociais-para-empresas\/\" \/>\n<meta property=\"og:locale\" content=\"pt_BR\" \/>\n<meta property=\"og:type\" content=\"article\" \/>\n<meta property=\"og:title\" content=\"25 ideias de projetos sociais para sua empresa apoiar\" \/>\n<meta property=\"og:description\" content=\"Confira 25 ideias de projetos sociais que sua empresa pode apoiar para gerar impacto. Exemplos educacionais, sociais, ambientais e mais!\" \/>\n<meta property=\"og:url\" content=\"https:\/\/totidiversidade.com.br\/blog\/tipos-e-ideias-de-projetos-sociais-para-empresas\/\" \/>\n<meta property=\"og:site_name\" content=\"Blog Diversidade e ESG | Toti\" \/>\n<meta property=\"article:published_time\" content=\"2025-09-03T12:30:00+00:00\" \/>\n<meta property=\"article:modified_time\" content=\"2026-03-20T02:22:43+00:00\" \/>\n<meta property=\"og:image\" content=\"https:\/\/totidiversidade.com.br\/blog\/wp-content\/uploads\/2025\/09\/foto-ideias-de-projetos-sociais.jpg\" \/>\n\t<meta property=\"og:image:width\" content=\"1075\" \/>\n\t<meta property=\"og:image:height\" content=\"635\" \/>\n\t<meta property=\"og:image:type\" content=\"image\/jpeg\" \/>\n<meta name=\"author\" content=\"Admin Toti\" \/>\n<meta name=\"twitter:card\" content=\"summary_large_image\" \/>\n<meta name=\"twitter:label1\" content=\"Escrito por\" \/>\n\t<meta name=\"twitter:data1\" content=\"Admin Toti\" \/>\n\t<meta name=\"twitter:label2\" content=\"Est. tempo de leitura\" \/>\n\t<meta name=\"twitter:data2\" content=\"13 minutos\" \/>\n<script type=\"application\/ld+json\" class=\"yoast-schema-graph\">{\"@context\":\"https:\/\/schema.org\",\"@graph\":[{\"@type\":\"WebPage\",\"@id\":\"https:\/\/totidiversidade.com.br\/blog\/tipos-e-ideias-de-projetos-sociais-para-empresas\/\",\"url\":\"https:\/\/totidiversidade.com.br\/blog\/tipos-e-ideias-de-projetos-sociais-para-empresas\/\",\"name\":\"25 ideias de projetos sociais para sua empresa apoiar\",\"isPartOf\":{\"@id\":\"https:\/\/totidiversidade.com.br\/blog\/#website\"},\"primaryImageOfPage\":{\"@id\":\"https:\/\/totidiversidade.com.br\/blog\/tipos-e-ideias-de-projetos-sociais-para-empresas\/#primaryimage\"},\"image\":{\"@id\":\"https:\/\/totidiversidade.com.br\/blog\/tipos-e-ideias-de-projetos-sociais-para-empresas\/#primaryimage\"},\"thumbnailUrl\":\"https:\/\/totidiversidade.com.br\/blog\/wp-content\/uploads\/2025\/09\/foto-ideias-de-projetos-sociais.jpg\",\"datePublished\":\"2025-09-03T12:30:00+00:00\",\"dateModified\":\"2026-03-20T02:22:43+00:00\",\"author\":{\"@id\":\"https:\/\/totidiversidade.com.br\/blog\/#\/schema\/person\/abe61132b43ade37180501635476bf5e\"},\"description\":\"Confira 25 ideias de projetos sociais que sua empresa pode apoiar para gerar impacto. Exemplos educacionais, sociais, ambientais e mais!\",\"breadcrumb\":{\"@id\":\"https:\/\/totidiversidade.com.br\/blog\/tipos-e-ideias-de-projetos-sociais-para-empresas\/#breadcrumb\"},\"inLanguage\":\"pt-BR\",\"potentialAction\":[{\"@type\":\"ReadAction\",\"target\":[\"https:\/\/totidiversidade.com.br\/blog\/tipos-e-ideias-de-projetos-sociais-para-empresas\/\"]}]},{\"@type\":\"ImageObject\",\"inLanguage\":\"pt-BR\",\"@id\":\"https:\/\/totidiversidade.com.br\/blog\/tipos-e-ideias-de-projetos-sociais-para-empresas\/#primaryimage\",\"url\":\"https:\/\/totidiversidade.com.br\/blog\/wp-content\/uploads\/2025\/09\/foto-ideias-de-projetos-sociais.jpg\",\"contentUrl\":\"https:\/\/totidiversidade.com.br\/blog\/wp-content\/uploads\/2025\/09\/foto-ideias-de-projetos-sociais.jpg\",\"width\":1075,\"height\":635,\"caption\":\"Empresas que apoiam projetos sociais transformam vidas e impulsionam seus neg\u00f3cios\"},{\"@type\":\"BreadcrumbList\",\"@id\":\"https:\/\/totidiversidade.com.br\/blog\/tipos-e-ideias-de-projetos-sociais-para-empresas\/#breadcrumb\",\"itemListElement\":[{\"@type\":\"ListItem\",\"position\":1,\"name\":\"In\u00edcio\",\"item\":\"https:\/\/totidiversidade.com.br\/blog\/\"},{\"@type\":\"ListItem\",\"position\":2,\"name\":\"Conhe\u00e7a 25 ideias de projetos sociais que sua empresa pode apoiar e implementar\"}]},{\"@type\":\"WebSite\",\"@id\":\"https:\/\/totidiversidade.com.br\/blog\/#website\",\"url\":\"https:\/\/totidiversidade.com.br\/blog\/\",\"name\":\"Blog Toti Diversidade\",\"description\":\"Leia no blog da TOTI sobre diversidade, ESG e inclus\u00e3o de refugiados no mercado de tecnologia. Conte\u00fado que transforma empresas e vidas.\",\"alternateName\":\"Blog Toti\",\"potentialAction\":[{\"@type\":\"SearchAction\",\"target\":{\"@type\":\"EntryPoint\",\"urlTemplate\":\"https:\/\/totidiversidade.com.br\/blog\/?s={search_term_string}\"},\"query-input\":{\"@type\":\"PropertyValueSpecification\",\"valueRequired\":true,\"valueName\":\"search_term_string\"}}],\"inLanguage\":\"pt-BR\"},{\"@type\":\"Person\",\"@id\":\"https:\/\/totidiversidade.com.br\/blog\/#\/schema\/person\/abe61132b43ade37180501635476bf5e\",\"name\":\"Admin Toti\",\"image\":{\"@type\":\"ImageObject\",\"inLanguage\":\"pt-BR\",\"@id\":\"https:\/\/totidiversidade.com.br\/blog\/#\/schema\/person\/image\/\",\"url\":\"https:\/\/secure.gravatar.com\/avatar\/84b16bdb1df7bf2826bbb8c8e8a6c5be3d9788934ddb97335576a4c1d1604452?s=96&d=mm&r=g\",\"contentUrl\":\"https:\/\/secure.gravatar.com\/avatar\/84b16bdb1df7bf2826bbb8c8e8a6c5be3d9788934ddb97335576a4c1d1604452?s=96&d=mm&r=g\",\"caption\":\"Admin Toti\"},\"url\":\"https:\/\/totidiversidade.com.br\/blog\/author\/int-admin\/\"}]}<\/script>\n<!-- \/ Yoast SEO plugin. -->","yoast_head_json":{"title":"25 ideias de projetos sociais para sua empresa apoiar","description":"Confira 25 ideias de projetos sociais que sua empresa pode apoiar para gerar impacto. Exemplos educacionais, sociais, ambientais e mais!","robots":{"index":"index","follow":"follow","max-snippet":"max-snippet:-1","max-image-preview":"max-image-preview:large","max-video-preview":"max-video-preview:-1"},"canonical":"https:\/\/totidiversidade.com.br\/blog\/tipos-e-ideias-de-projetos-sociais-para-empresas\/","og_locale":"pt_BR","og_type":"article","og_title":"25 ideias de projetos sociais para sua empresa apoiar","og_description":"Confira 25 ideias de projetos sociais que sua empresa pode apoiar para gerar impacto. Exemplos educacionais, sociais, ambientais e mais!","og_url":"https:\/\/totidiversidade.com.br\/blog\/tipos-e-ideias-de-projetos-sociais-para-empresas\/","og_site_name":"Blog Diversidade e ESG | Toti","article_published_time":"2025-09-03T12:30:00+00:00","article_modified_time":"2026-03-20T02:22:43+00:00","og_image":[{"width":1075,"height":635,"url":"https:\/\/totidiversidade.com.br\/blog\/wp-content\/uploads\/2025\/09\/foto-ideias-de-projetos-sociais.jpg","type":"image\/jpeg"}],"author":"Admin Toti","twitter_card":"summary_large_image","twitter_misc":{"Escrito por":"Admin Toti","Est. tempo de leitura":"13 minutos"},"schema":{"@context":"https:\/\/schema.org","@graph":[{"@type":"WebPage","@id":"https:\/\/totidiversidade.com.br\/blog\/tipos-e-ideias-de-projetos-sociais-para-empresas\/","url":"https:\/\/totidiversidade.com.br\/blog\/tipos-e-ideias-de-projetos-sociais-para-empresas\/","name":"25 ideias de projetos sociais para sua empresa apoiar","isPartOf":{"@id":"https:\/\/totidiversidade.com.br\/blog\/#website"},"primaryImageOfPage":{"@id":"https:\/\/totidiversidade.com.br\/blog\/tipos-e-ideias-de-projetos-sociais-para-empresas\/#primaryimage"},"image":{"@id":"https:\/\/totidiversidade.com.br\/blog\/tipos-e-ideias-de-projetos-sociais-para-empresas\/#primaryimage"},"thumbnailUrl":"https:\/\/totidiversidade.com.br\/blog\/wp-content\/uploads\/2025\/09\/foto-ideias-de-projetos-sociais.jpg","datePublished":"2025-09-03T12:30:00+00:00","dateModified":"2026-03-20T02:22:43+00:00","author":{"@id":"https:\/\/totidiversidade.com.br\/blog\/#\/schema\/person\/abe61132b43ade37180501635476bf5e"},"description":"Confira 25 ideias de projetos sociais que sua empresa pode apoiar para gerar impacto. Exemplos educacionais, sociais, ambientais e mais!","breadcrumb":{"@id":"https:\/\/totidiversidade.com.br\/blog\/tipos-e-ideias-de-projetos-sociais-para-empresas\/#breadcrumb"},"inLanguage":"pt-BR","potentialAction":[{"@type":"ReadAction","target":["https:\/\/totidiversidade.com.br\/blog\/tipos-e-ideias-de-projetos-sociais-para-empresas\/"]}]},{"@type":"ImageObject","inLanguage":"pt-BR","@id":"https:\/\/totidiversidade.com.br\/blog\/tipos-e-ideias-de-projetos-sociais-para-empresas\/#primaryimage","url":"https:\/\/totidiversidade.com.br\/blog\/wp-content\/uploads\/2025\/09\/foto-ideias-de-projetos-sociais.jpg","contentUrl":"https:\/\/totidiversidade.com.br\/blog\/wp-content\/uploads\/2025\/09\/foto-ideias-de-projetos-sociais.jpg","width":1075,"height":635,"caption":"Empresas que apoiam projetos sociais transformam vidas e impulsionam seus neg\u00f3cios"},{"@type":"BreadcrumbList","@id":"https:\/\/totidiversidade.com.br\/blog\/tipos-e-ideias-de-projetos-sociais-para-empresas\/#breadcrumb","itemListElement":[{"@type":"ListItem","position":1,"name":"In\u00edcio","item":"https:\/\/totidiversidade.com.br\/blog\/"},{"@type":"ListItem","position":2,"name":"Conhe\u00e7a 25 ideias de projetos sociais que sua empresa pode apoiar e implementar"}]},{"@type":"WebSite","@id":"https:\/\/totidiversidade.com.br\/blog\/#website","url":"https:\/\/totidiversidade.com.br\/blog\/","name":"Blog Toti Diversidade","description":"Leia no blog da TOTI sobre diversidade, ESG e inclus\u00e3o de refugiados no mercado de tecnologia. Conte\u00fado que transforma empresas e vidas.","alternateName":"Blog Toti","potentialAction":[{"@type":"SearchAction","target":{"@type":"EntryPoint","urlTemplate":"https:\/\/totidiversidade.com.br\/blog\/?s={search_term_string}"},"query-input":{"@type":"PropertyValueSpecification","valueRequired":true,"valueName":"search_term_string"}}],"inLanguage":"pt-BR"},{"@type":"Person","@id":"https:\/\/totidiversidade.com.br\/blog\/#\/schema\/person\/abe61132b43ade37180501635476bf5e","name":"Admin Toti","image":{"@type":"ImageObject","inLanguage":"pt-BR","@id":"https:\/\/totidiversidade.com.br\/blog\/#\/schema\/person\/image\/","url":"https:\/\/secure.gravatar.com\/avatar\/84b16bdb1df7bf2826bbb8c8e8a6c5be3d9788934ddb97335576a4c1d1604452?s=96&d=mm&r=g","contentUrl":"https:\/\/secure.gravatar.com\/avatar\/84b16bdb1df7bf2826bbb8c8e8a6c5be3d9788934ddb97335576a4c1d1604452?s=96&d=mm&r=g","caption":"Admin Toti"},"url":"https:\/\/totidiversidade.com.br\/blog\/author\/int-admin\/"}]}},"_links":{"self":[{"href":"https:\/\/totidiversidade.com.br\/blog\/wp-json\/wp\/v2\/posts\/9398","targetHints":{"allow":["GET"]}}],"collection":[{"href":"https:\/\/totidiversidade.com.br\/blog\/wp-json\/wp\/v2\/posts"}],"about":[{"href":"https:\/\/totidiversidade.com.br\/blog\/wp-json\/wp\/v2\/types\/post"}],"author":[{"embeddable":true,"href":"https:\/\/totidiversidade.com.br\/blog\/wp-json\/wp\/v2\/users\/3"}],"replies":[{"embeddable":true,"href":"https:\/\/totidiversidade.com.br\/blog\/wp-json\/wp\/v2\/comments?post=9398"}],"version-history":[{"count":22,"href":"https:\/\/totidiversidade.com.br\/blog\/wp-json\/wp\/v2\/posts\/9398\/revisions"}],"predecessor-version":[{"id":9810,"href":"https:\/\/totidiversidade.com.br\/blog\/wp-json\/wp\/v2\/posts\/9398\/revisions\/9810"}],"wp:featuredmedia":[{"embeddable":true,"href":"https:\/\/totidiversidade.com.br\/blog\/wp-json\/wp\/v2\/media\/9400"}],"wp:attachment":[{"href":"https:\/\/totidiversidade.com.br\/blog\/wp-json\/wp\/v2\/media?parent=9398"}],"wp:term":[{"taxonomy":"category","embeddable":true,"href":"https:\/\/totidiversidade.com.br\/blog\/wp-json\/wp\/v2\/categories?post=9398"},{"taxonomy":"post_tag","embeddable":true,"href":"https:\/\/totidiversidade.com.br\/blog\/wp-json\/wp\/v2\/tags?post=9398"}],"curies":[{"name":"wp","href":"https:\/\/api.w.org\/{rel}","templated":true}]}}