{"id":9419,"date":"2025-09-08T14:21:57","date_gmt":"2025-09-08T17:21:57","guid":{"rendered":"https:\/\/totidiversidade.com.br\/blog\/?p=9419"},"modified":"2025-09-23T19:31:37","modified_gmt":"2025-09-23T22:31:37","slug":"refugiados-climaticos-e-esg","status":"publish","type":"post","link":"https:\/\/totidiversidade.com.br\/blog\/refugiados-climaticos-e-esg\/","title":{"rendered":"Refugiados clim\u00e1ticos e ESG: entenda a conex\u00e3o e confira como as empresas podem agir"},"content":{"rendered":"<div id=\"bsf_rt_marker\"><\/div>\t\t<div data-elementor-type=\"wp-post\" data-elementor-id=\"9419\" class=\"elementor elementor-9419\" data-elementor-post-type=\"post\">\n\t\t\t\t<div class=\"elementor-element elementor-element-753fc11 e-flex e-con-boxed e-con e-parent\" data-id=\"753fc11\" data-element_type=\"container\">\n\t\t\t\t\t<div class=\"e-con-inner\">\n\t\t\t\t<div class=\"elementor-element elementor-element-c6804cd elementor-widget elementor-widget-image\" data-id=\"c6804cd\" data-element_type=\"widget\" data-widget_type=\"image.default\">\n\t\t\t\t<div class=\"elementor-widget-container\">\n\t\t\t\t\t\t\t\t\t\t\t\t\t\t\t<img fetchpriority=\"high\" decoding=\"async\" width=\"800\" height=\"534\" src=\"https:\/\/totidiversidade.com.br\/blog\/wp-content\/uploads\/2025\/09\/pexels-ahmed-akacha-3313934-10629442-1-1024x683.jpg\" class=\"attachment-large size-large wp-image-9420\" alt=\"Apoiar e incluir refugiados clim\u00e1ticos refor\u00e7a o compromisso ESG das empresas\" srcset=\"https:\/\/totidiversidade.com.br\/blog\/wp-content\/uploads\/2025\/09\/pexels-ahmed-akacha-3313934-10629442-1-1024x683.jpg 1024w, https:\/\/totidiversidade.com.br\/blog\/wp-content\/uploads\/2025\/09\/pexels-ahmed-akacha-3313934-10629442-1-300x200.jpg 300w, https:\/\/totidiversidade.com.br\/blog\/wp-content\/uploads\/2025\/09\/pexels-ahmed-akacha-3313934-10629442-1-768x512.jpg 768w, https:\/\/totidiversidade.com.br\/blog\/wp-content\/uploads\/2025\/09\/pexels-ahmed-akacha-3313934-10629442-1.jpg 1200w\" sizes=\"(max-width: 800px) 100vw, 800px\" \/>\t\t\t\t\t\t\t\t\t\t\t\t\t\t\t<\/div>\n\t\t\t\t<\/div>\n\t\t\t\t<div class=\"elementor-element elementor-element-faebd39 elementor-widget elementor-widget-text-editor\" data-id=\"faebd39\" data-element_type=\"widget\" data-widget_type=\"text-editor.default\">\n\t\t\t\t<div class=\"elementor-widget-container\">\n\t\t\t\t\t\t\t\t\t<p>\u00a0<\/p><p><span style=\"font-weight: 400;\">A crise clim\u00e1tica j\u00e1 n\u00e3o \u00e9 mais uma previs\u00e3o futura: ela est\u00e1 acontecendo agora, afetando milh\u00f5es de pessoas no mundo inteiro.<\/span><\/p><p><span style=\"font-weight: 400;\">E, entre os muitos impactos desse cen\u00e1rio, est\u00e1 o deslocamento for\u00e7ado de comunidades inteiras que perdem seus lares por causa de enchentes, secas prolongadas, queimadas ou outros eventos extremos. \u00c9 nesse contexto que surge o termo \u201crefugiados clim\u00e1ticos\u201d.<\/span><\/p><p><span style=\"font-weight: 400;\">Embora n\u00e3o seja oficialmente reconhecida pelo direito internacional, essa express\u00e3o vem sendo usada por especialistas e organiza\u00e7\u00f5es para descrever uma realidade cada vez mais urgente.\u00a0<\/span><\/p><p><span style=\"font-weight: 400;\">Neste artigo, vamos explicar quem s\u00e3o os chamados refugiados clim\u00e1ticos, qual \u00e9 a diferen\u00e7a entre eles e outros grupos migrat\u00f3rios, e como o conceito de <\/span><a href=\"https:\/\/totidiversidade.com.br\/blog\/entenda-o-que-e-esg-como-funciona-e-como-aplica-lo\/\"><span style=\"font-weight: 400;\">ESG<\/span><\/a><span style=\"font-weight: 400;\"> pode ser aplicado a essa pauta. Acompanhe!<\/span><\/p><h2>O que s\u00e3o refugiados clim\u00e1ticos?<\/h2><p><span style=\"font-weight: 400;\">\u201cRefugiados clim\u00e1ticos\u201d \u00e9 um termo frequentemente usado para se referir a pessoas for\u00e7adas a deixar suas casas por causa de eventos extremos relacionados ao clima, como enchentes, secas e queimadas. \u00c9 importante salientar que, apesar disso, n\u00e3o h\u00e1 reconhecimento legal desse status no direito internacional.<\/span><\/p><p><span style=\"font-weight: 400;\">Segundo o <\/span><a href=\"https:\/\/www.acnur.org\/br\/noticias\/notas-informativas\/mitos-e-fatos-sobre-mudancas-climaticas-e-deslocamento-humano\"><span style=\"font-weight: 400;\">ACNUR (Ag\u00eancia da ONU para Refugiados)<\/span><\/a><span style=\"font-weight: 400;\">, a maioria desses deslocamentos acontece dentro do pr\u00f3prio pa\u00eds. Por isso, a terminologia recomendada \u00e9 \u201cdeslocados internos em raz\u00e3o das mudan\u00e7as clim\u00e1ticas\u201d.<\/span><\/p><p><span style=\"font-weight: 400;\">Al\u00e9m disso, a <\/span><a href=\"https:\/\/www.acnur.org\/br\/media\/convencao-relativa-ao-estatuto-dos-refugiados-1951\"><span style=\"font-weight: 400;\">Conven\u00e7\u00e3o de 1951<\/span><\/a><span style=\"font-weight: 400;\"> protege apenas quem foge de persegui\u00e7\u00f5es e cruza fronteiras. No entanto, em contextos em que as mudan\u00e7as clim\u00e1ticas intensificam conflitos e viol\u00eancia, a prote\u00e7\u00e3o pode ser aplicada.<\/span><\/p><p><span style=\"font-weight: 400;\">Mesmo sem respaldo jur\u00eddico, o termo ajuda a chamar aten\u00e7\u00e3o para uma crise que j\u00e1 desloca milh\u00f5es de pessoas no mundo todo, justamente por ser mais compreens\u00edvel e acess\u00edvel ao p\u00fablico geral.<\/span><\/p><h2>Qual \u00e9 a diferen\u00e7a entre refugiados ambientais e migrantes econ\u00f4micos?<\/h2><p><span style=\"font-weight: 400;\">\u00c9 comum que o debate sobre mudan\u00e7as clim\u00e1ticas e deslocamentos humanos envolva termos parecidos, como &#8220;refugiados ambientais&#8221; e &#8220;migrantes econ\u00f4micos&#8221;. Embora ambos lidem com contextos de vulnerabilidade, as motiva\u00e7\u00f5es e consequ\u00eancias desses deslocamentos s\u00e3o diferentes.<\/span><\/p><p><span style=\"font-weight: 400;\">Refugiados ambientais, tamb\u00e9m chamados de refugiados clim\u00e1ticos, s\u00e3o pessoas que precisam deixar suas casas por causa de desastres naturais ou degrada\u00e7\u00e3o ambiental severa.<\/span><\/p><p><span style=\"font-weight: 400;\">Isso inclui enchentes, queimadas, secas extremas, deslizamentos e outros eventos que tornam imposs\u00edvel continuar vivendo em determinada regi\u00e3o.<\/span><\/p><p><span style=\"font-weight: 400;\">J\u00e1 os migrantes econ\u00f4micos saem de seus locais de origem em busca de melhores condi\u00e7\u00f5es de vida, oportunidades de trabalho ou renda mais est\u00e1vel. A decis\u00e3o costuma ser planejada e n\u00e3o est\u00e1 necessariamente ligada a uma situa\u00e7\u00e3o de emerg\u00eancia ou risco \u00e0 sobreviv\u00eancia imediata.<\/span><\/p><p><span style=\"font-weight: 400;\">Na pr\u00e1tica, por\u00e9m, essas fronteiras nem sempre s\u00e3o claras. As mudan\u00e7as no clima t\u00eam afetado diretamente meios de subsist\u00eancia, como a agricultura e a pesca, o que tamb\u00e9m for\u00e7a fam\u00edlias a se deslocarem em busca de trabalho.<\/span><\/p><h2>A crise clim\u00e1tica e seus impactos humanos e sociais<\/h2><p><span style=\"font-weight: 400;\">As mudan\u00e7as no clima n\u00e3o afetam todas as pessoas da mesma forma. Enquanto algumas popula\u00e7\u00f5es conseguem se adaptar, outras s\u00e3o for\u00e7adas a deixar suas casas, enfrentar inseguran\u00e7a alimentar e perder acesso a servi\u00e7os b\u00e1sicos.<\/span><\/p><p><span style=\"font-weight: 400;\">Esse \u00e9 um dos efeitos mais cru\u00e9is da emerg\u00eancia clim\u00e1tica: aprofundar desigualdades e colocar comunidades j\u00e1 vulner\u00e1veis em situa\u00e7\u00f5es ainda mais dif\u00edceis.<\/span><\/p><p><span style=\"font-weight: 400;\">Em vez de ser apenas uma quest\u00e3o ambiental, a crise clim\u00e1tica se tornou tamb\u00e9m um problema social, pol\u00edtico e humanit\u00e1rio.\u00a0<\/span><\/p><h3>Dados atuais sobre deslocamentos clim\u00e1ticos no Brasil e no mundo<\/h3><p><span style=\"font-weight: 400;\">Segundo <\/span><a href=\"https:\/\/www.internal-displacement.org\/global-report\/grid2023\/\"><span style=\"font-weight: 400;\">o Relat\u00f3rio Mundial sobre Deslocamento Interno<\/span><\/a><span style=\"font-weight: 400;\"> feito em 2023 pelo Centro de Monitoramento de Deslocamento Interno (IDMC), mais de 32 milh\u00f5es de deslocamentos internos foram causados por desastres clim\u00e1ticos em 2022.<\/span><\/p><p><span style=\"font-weight: 400;\">No Brasil, eventos extremos como enchentes, secas prolongadas e deslizamentos de terra j\u00e1 afetaram diretamente mais de quatro milh\u00f5es de pessoas entre 2013 e 2022, segundo a <\/span><a href=\"https:\/\/cnm.org.br\/biblioteca\/exibe\/15075\"><span style=\"font-weight: 400;\">Confedera\u00e7\u00e3o Nacional dos Munic\u00edpios<\/span><\/a><span style=\"font-weight: 400;\">.<\/span><\/p><p><span style=\"font-weight: 400;\">Esses n\u00fameros devem crescer. Estimativas do Banco Mundial apontam que <\/span><a href=\"https:\/\/www.worldbank.org\/en\/news\/press-release\/2021\/09\/13\/climate-change-could-force-216-million-people-to-migrate-within-their-own-countries-by-2050\"><span style=\"font-weight: 400;\">216 milh\u00f5es de pessoas podem ser for\u00e7adas a se deslocar at\u00e9 2050<\/span><\/a><span style=\"font-weight: 400;\"> por conta de eventos clim\u00e1ticos adversos, sendo 17 milh\u00f5es somente na Am\u00e9rica Latina.<\/span><\/p><h3>Impactos em comunidades vulner\u00e1veis e na seguran\u00e7a alimentar<\/h3><p><span style=\"font-weight: 400;\">A crise clim\u00e1tica tem um peso maior sobre quem j\u00e1 enfrenta dificuldades. Comunidades em situa\u00e7\u00e3o de vulnerabilidade costumam viver em regi\u00f5es mais expostas a desastres, com pouca infraestrutura, acesso limitado a servi\u00e7os p\u00fablicos e obst\u00e1culos para garantir seus direitos.<\/span><\/p><p><span style=\"font-weight: 400;\">Quando um evento extremo ocorre, as perdas v\u00e3o muito al\u00e9m da moradia. Muitas vezes, essas pessoas tamb\u00e9m perdem suas fontes de renda, o acesso \u00e0 \u00e1gua pot\u00e1vel, a mobilidade e os la\u00e7os comunit\u00e1rios que sustentam a vida cotidiana.<\/span><\/p><p><span style=\"font-weight: 400;\">Em povos origin\u00e1rios e tradicionais, o impacto \u00e9 ainda mais profundo, porque afeta diretamente a rela\u00e7\u00e3o com a terra, a cultura e a mem\u00f3ria coletiva.<\/span><\/p><p><span style=\"font-weight: 400;\">Al\u00e9m disso, os efeitos sobre a produ\u00e7\u00e3o de alimentos s\u00e3o imediatos. A instabilidade clim\u00e1tica, as secas prolongadas e a degrada\u00e7\u00e3o do solo comprometem lavouras, pescas e cria\u00e7\u00f5es.<\/span><\/p><p><span style=\"font-weight: 400;\">Como resultado, os pre\u00e7os sobem, a oferta diminui e a inseguran\u00e7a alimentar se agrava, especialmente entre os grupos que j\u00e1 vivem com menos.<\/span><\/p>\t\t\t\t\t\t\t\t<\/div>\n\t\t\t\t<\/div>\n\t\t\t\t<div class=\"elementor-element elementor-element-c27b806 elementor-widget elementor-widget-image\" data-id=\"c27b806\" data-element_type=\"widget\" data-widget_type=\"image.default\">\n\t\t\t\t<div class=\"elementor-widget-container\">\n\t\t\t\t\t\t\t\t\t\t\t\t\t\t\t\t<a href=\"https:\/\/totidiversidade.com.br\/blog\/e-book-esg\/?utm_source=blog-esg&#038;utm_medium=banner-lateral&#038;utm_campaign=banner-lateral-guia-esg&#038;utm_content=capa-ebook\">\n\t\t\t\t\t\t\t<img decoding=\"async\" width=\"800\" height=\"168\" src=\"https:\/\/totidiversidade.com.br\/blog\/wp-content\/uploads\/2025\/02\/Banner-Guia-ESG-2-e1754674215588-1024x215.jpg\" class=\"attachment-large size-large wp-image-8637\" alt=\"Baixe o guia para construir uma estrat\u00e9gia de ESG.\" srcset=\"https:\/\/totidiversidade.com.br\/blog\/wp-content\/uploads\/2025\/02\/Banner-Guia-ESG-2-e1754674215588-1024x215.jpg 1024w, https:\/\/totidiversidade.com.br\/blog\/wp-content\/uploads\/2025\/02\/Banner-Guia-ESG-2-e1754674215588-300x63.jpg 300w, https:\/\/totidiversidade.com.br\/blog\/wp-content\/uploads\/2025\/02\/Banner-Guia-ESG-2-e1754674215588-768x161.jpg 768w, https:\/\/totidiversidade.com.br\/blog\/wp-content\/uploads\/2025\/02\/Banner-Guia-ESG-2-e1754674215588.jpg 1044w\" sizes=\"(max-width: 800px) 100vw, 800px\" \/>\t\t\t\t\t\t\t\t<\/a>\n\t\t\t\t\t\t\t\t\t\t\t\t\t\t\t<\/div>\n\t\t\t\t<\/div>\n\t\t\t\t<div class=\"elementor-element elementor-element-09b48f7 elementor-widget elementor-widget-text-editor\" data-id=\"09b48f7\" data-element_type=\"widget\" data-widget_type=\"text-editor.default\">\n\t\t\t\t<div class=\"elementor-widget-container\">\n\t\t\t\t\t\t\t\t\t<h2>O papel do ESG diante da crise dos refugiados clim\u00e1ticos<\/h2><p><span style=\"font-weight: 400;\">A agenda ESG, que re\u00fane pr\u00e1ticas relacionadas ao meio ambiente, ao social e \u00e0 governan\u00e7a, \u00e9 uma das principais formas de atua\u00e7\u00e3o respons\u00e1vel no setor privado. E, diante da realidade dos refugiados clim\u00e1ticos, ela se torna ainda mais estrat\u00e9gica.<\/span><\/p><h3>E de Environmental: mitiga\u00e7\u00e3o e adapta\u00e7\u00e3o \u00e0s mudan\u00e7as<\/h3><p><span style=\"font-weight: 400;\">O primeiro pilar do ESG diz respeito ao impacto ambiental das atividades empresariais. No contexto da crise clim\u00e1tica, isso envolve a\u00e7\u00f5es para mitigar emiss\u00f5es de gases de efeito estufa, reduzir o consumo de recursos naturais e adotar modelos produtivos sustent\u00e1veis.<\/span><\/p><p><span style=\"font-weight: 400;\">Mas t\u00e3o importante quanto mitigar \u00e9 adaptar. Empresas podem investir em solu\u00e7\u00f5es baseadas na natureza, apoiar a\u00e7\u00f5es de reflorestamento e priorizar cadeias produtivas resilientes.<\/span><\/p><p><span style=\"font-weight: 400;\">Tamb\u00e9m \u00e9 poss\u00edvel contribuir para a adapta\u00e7\u00e3o de comunidades vulner\u00e1veis, colaborando com projetos locais que previnam desastres e fortale\u00e7am a infraestrutura social e ambiental.<\/span><\/p><h3>S de Social: inclus\u00e3o, empregabilidade e apoio a migrantes<\/h3><p><span style=\"font-weight: 400;\">O <\/span><a href=\"https:\/\/totidiversidade.com.br\/blog\/impacto-social\/\"><span style=\"font-weight: 400;\">impacto social<\/span><\/a><span style=\"font-weight: 400;\"> das mudan\u00e7as clim\u00e1ticas exige uma resposta ativa do setor privado. Pessoas deslocadas por eventos clim\u00e1ticos muitas vezes enfrentam discrimina\u00e7\u00e3o, dificuldades de regulariza\u00e7\u00e3o e barreiras para entrar no mercado de trabalho.<\/span><\/p><p><span style=\"font-weight: 400;\">Nesse cen\u00e1rio, empresas podem atuar de forma concreta com pol\u00edticas de inclus\u00e3o, <\/span><a href=\"https:\/\/totidiversidade.com.br\/blog\/contratacao-de-refugiados\/\"><span style=\"font-weight: 400;\">contrata\u00e7\u00e3o de migrantes<\/span><\/a><span style=\"font-weight: 400;\"> e oferta de oportunidades de capacita\u00e7\u00e3o.<\/span><\/p><p><span style=\"font-weight: 400;\">A <\/span><a href=\"https:\/\/totidiversidade.com.br\/\"><span style=\"font-weight: 400;\">Toti<\/span><\/a><span style=\"font-weight: 400;\">, por exemplo, em parceria com empresas comprometidas com a inclus\u00e3o, atua diretamente nessa frente, promovendo forma\u00e7\u00e3o profissionalizante e contribuindo com a empregabilidade de pessoas refugiadas e migrantes.<\/span><\/p><h3><span style=\"font-weight: 400;\">G de Governan\u00e7a: como empresas podem incorporar o tema em suas pr\u00e1ticas<\/span><\/h3><p><span style=\"font-weight: 400;\">A <\/span><a href=\"https:\/\/totidiversidade.com.br\/blog\/quais-sao-os-principios-da-governanca-corporativa\/\"><span style=\"font-weight: 400;\">governan\u00e7a<\/span><\/a><span style=\"font-weight: 400;\"> se refere \u00e0 forma como a empresa toma decis\u00f5es, presta contas e garante integridade em suas a\u00e7\u00f5es.<\/span><\/p><p><span style=\"font-weight: 400;\">Incorporar o tema dos refugiados clim\u00e1ticos nesse eixo significa trat\u00e1-lo como uma quest\u00e3o estrat\u00e9gica e transversal, presente em pol\u00edticas internas, processos de compliance e relat\u00f3rios de sustentabilidade.<\/span><\/p><h2>Como as empresas podem contribuir na pr\u00e1tica?<\/h2><p><span style=\"font-weight: 400;\">Mais do que discurso, o compromisso com justi\u00e7a clim\u00e1tica e inclus\u00e3o social exige a\u00e7\u00f5es concretas.<\/span><\/p><p><span style=\"font-weight: 400;\">E, diante da emerg\u00eancia que os refugiados clim\u00e1ticos enfrentam, o setor privado tem a chance e a responsabilidade de ser parte ativa das solu\u00e7\u00f5es.<\/span><\/p><h3>Cria\u00e7\u00e3o de pol\u00edticas inclusivas de contrata\u00e7\u00e3o e capacita\u00e7\u00e3o<\/h3><p><span style=\"font-weight: 400;\">Uma das formas mais diretas de agir \u00e9 ampliar o acesso ao mercado de trabalho. Empresas podem revisar suas pol\u00edticas de recrutamento para incluir, de maneira estruturada, pessoas migrantes e refugiadas, especialmente aquelas impactadas por eventos clim\u00e1ticos.<\/span><\/p><p><span style=\"font-weight: 400;\">Isso passa por adaptar processos seletivos, oferecer capacita\u00e7\u00f5es acess\u00edveis e remover barreiras que muitas vezes impedem a entrada e a perman\u00eancia no emprego formal.<\/span><\/p><h3>Parcerias com ONGs e institui\u00e7\u00f5es sociais e ambientais<\/h3><p><span style=\"font-weight: 400;\">A conex\u00e3o com organiza\u00e7\u00f5es da sociedade civil \u00e9 essencial para alcan\u00e7ar impacto real. ONGs e institui\u00e7\u00f5es que atuam com refugiados, migrantes e justi\u00e7a clim\u00e1tica j\u00e1 t\u00eam o conhecimento necess\u00e1rio para implementar a\u00e7\u00f5es eficazes, o que permite que as empresas apoiem causas leg\u00edtimas e bem estruturadas.<\/span><\/p><p><span style=\"font-weight: 400;\">Parcerias com projetos como os da Toti, que <\/span><a href=\"https:\/\/totidiversidade.com.br\/programa-de-impacto-social\/\"><span style=\"font-weight: 400;\">capacitam refugiados e migrantes<\/span><\/a><span style=\"font-weight: 400;\"> para o mercado de trabalho, ou com iniciativas de reflorestamento e adapta\u00e7\u00e3o clim\u00e1tica em territ\u00f3rios vulner\u00e1veis, podem gerar valor compartilhado e resultados mensur\u00e1veis.<\/span><\/p><h3>Relat\u00f3rios de sustentabilidade que consideram deslocamento clim\u00e1tico<\/h3><p><span style=\"font-weight: 400;\">Integrar o tema dos refugiados clim\u00e1ticos aos relat\u00f3rios de sustentabilidade \u00e9 um passo importante para consolidar esse compromisso.<\/span><\/p><p><span style=\"font-weight: 400;\">Isso pode ser feito por meio de indicadores sociais, ambientais e de governan\u00e7a que incluam dados sobre inclus\u00e3o de migrantes, impacto clim\u00e1tico das opera\u00e7\u00f5es e apoio a territ\u00f3rios afetados.<\/span><\/p><p><span style=\"font-weight: 400;\">Al\u00e9m disso, incluir vozes de pessoas diretamente impactadas pode tornar esses relat\u00f3rios mais humanos, transparentes e relevantes. Trata-se de dar visibilidade a hist\u00f3rias reais e mostrar como a empresa est\u00e1 conectada aos desafios do presente \u2014 e comprometida com um futuro mais justo.<\/span><\/p><p><span style=\"font-weight: 400;\">Enfrentar os desafios da crise clim\u00e1tica exige coragem, a\u00e7\u00e3o coletiva e <\/span><a href=\"https:\/\/totidiversidade.com.br\/blog\/responsabilidade-social-corporativa\/\"><span style=\"font-weight: 400;\">responsabilidade social<\/span><\/a><span style=\"font-weight: 400;\">. Empresas que reconhecem o papel que t\u00eam na constru\u00e7\u00e3o de um futuro mais justo n\u00e3o s\u00f3 fortalecem sua reputa\u00e7\u00e3o, mas tamb\u00e9m contribuem para proteger vidas e transformar realidades.<\/span><\/p><p><span style=\"font-weight: 400;\">A pauta dos refugiados clim\u00e1ticos nos mostra que a sustentabilidade precisa incluir as pessoas. Iniciativas que unem inclus\u00e3o, justi\u00e7a clim\u00e1tica e pr\u00e1ticas ESG j\u00e1 est\u00e3o acontecendo \u2014 e toda organiza\u00e7\u00e3o pode fazer parte disso.<\/span><\/p><p><span style=\"font-weight: 400;\">Quer continuar aprendendo sobre o tema e entender como a COP 30 no Brasil vai impactar o setor empresarial? Confira o conte\u00fado completo a seguir e descubra o que muda para as empresas e quais a\u00e7\u00f5es ser\u00e3o cobradas nos pr\u00f3ximos anos.<\/span><\/p><p><a href=\"https:\/\/totidiversidade.com.br\/blog\/o-que-e-cop-30-no-brasil\/\"><span style=\"font-weight: 400;\">COP 30 no Brasil: o que muda para as empresas e quais a\u00e7\u00f5es ser\u00e3o cobradas<\/span><\/a><span style=\"font-weight: 400;\">.<\/span><\/p>\t\t\t\t\t\t\t\t<\/div>\n\t\t\t\t<\/div>\n\t\t\t\t\t<\/div>\n\t\t\t\t<\/div>\n\t\t\t\t<\/div>\n\t\t","protected":false},"excerpt":{"rendered":"<p>Entenda quem s\u00e3o os refugiados clim\u00e1ticos, os impactos da crise ambiental e como as empresas podem atuar com responsabilidade social e a\u00e7\u00f5es ESG concretas.<\/p>\n","protected":false},"author":5,"featured_media":9420,"comment_status":"open","ping_status":"open","sticky":false,"template":"","format":"standard","meta":{"footnotes":""},"categories":[1],"tags":[185],"class_list":["post-9419","post","type-post","status-publish","format-standard","has-post-thumbnail","hentry","category-diversidade-e-esg","tag-banner-lateral-guia-esg"],"yoast_head":"<!-- This site is optimized with the Yoast SEO plugin v25.7 - https:\/\/yoast.com\/wordpress\/plugins\/seo\/ -->\n<title>ESG e refugiados clim\u00e1ticos: qual \u00e9 o papel das empresas?<\/title>\n<meta name=\"description\" content=\"Entenda quem s\u00e3o os refugiados clim\u00e1ticos, os impactos da crise ambiental e como as empresas podem atuar com responsabilidade social e a\u00e7\u00f5es ESG concretas.\" \/>\n<meta name=\"robots\" content=\"index, follow, max-snippet:-1, max-image-preview:large, max-video-preview:-1\" \/>\n<link rel=\"canonical\" href=\"https:\/\/totidiversidade.com.br\/blog\/refugiados-climaticos-e-esg\/\" \/>\n<meta property=\"og:locale\" content=\"pt_BR\" \/>\n<meta property=\"og:type\" content=\"article\" \/>\n<meta property=\"og:title\" content=\"ESG e refugiados clim\u00e1ticos: qual \u00e9 o papel das empresas?\" \/>\n<meta property=\"og:description\" content=\"Entenda quem s\u00e3o os refugiados clim\u00e1ticos, os impactos da crise ambiental e como as empresas podem atuar com responsabilidade social e a\u00e7\u00f5es ESG concretas.\" \/>\n<meta property=\"og:url\" content=\"https:\/\/totidiversidade.com.br\/blog\/refugiados-climaticos-e-esg\/\" \/>\n<meta property=\"og:site_name\" content=\"Blog Diversidade e ESG | Toti\" \/>\n<meta property=\"article:published_time\" content=\"2025-09-08T17:21:57+00:00\" \/>\n<meta property=\"article:modified_time\" content=\"2025-09-23T22:31:37+00:00\" \/>\n<meta property=\"og:image\" content=\"https:\/\/totidiversidade.com.br\/blog\/wp-content\/uploads\/2025\/09\/pexels-ahmed-akacha-3313934-10629442-1.jpg\" \/>\n\t<meta property=\"og:image:width\" content=\"1200\" \/>\n\t<meta property=\"og:image:height\" content=\"800\" \/>\n\t<meta property=\"og:image:type\" content=\"image\/jpeg\" \/>\n<meta name=\"author\" content=\"Natasha Ara\u00fajo\" \/>\n<meta name=\"twitter:card\" content=\"summary_large_image\" \/>\n<meta name=\"twitter:label1\" content=\"Escrito por\" \/>\n\t<meta name=\"twitter:data1\" content=\"Natasha Ara\u00fajo\" \/>\n\t<meta name=\"twitter:label2\" content=\"Est. tempo de leitura\" \/>\n\t<meta name=\"twitter:data2\" content=\"9 minutos\" \/>\n<script type=\"application\/ld+json\" class=\"yoast-schema-graph\">{\"@context\":\"https:\/\/schema.org\",\"@graph\":[{\"@type\":\"WebPage\",\"@id\":\"https:\/\/totidiversidade.com.br\/blog\/refugiados-climaticos-e-esg\/\",\"url\":\"https:\/\/totidiversidade.com.br\/blog\/refugiados-climaticos-e-esg\/\",\"name\":\"ESG e refugiados clim\u00e1ticos: qual \u00e9 o papel das empresas?\",\"isPartOf\":{\"@id\":\"https:\/\/totidiversidade.com.br\/blog\/#website\"},\"primaryImageOfPage\":{\"@id\":\"https:\/\/totidiversidade.com.br\/blog\/refugiados-climaticos-e-esg\/#primaryimage\"},\"image\":{\"@id\":\"https:\/\/totidiversidade.com.br\/blog\/refugiados-climaticos-e-esg\/#primaryimage\"},\"thumbnailUrl\":\"https:\/\/totidiversidade.com.br\/blog\/wp-content\/uploads\/2025\/09\/pexels-ahmed-akacha-3313934-10629442-1.jpg\",\"datePublished\":\"2025-09-08T17:21:57+00:00\",\"dateModified\":\"2025-09-23T22:31:37+00:00\",\"author\":{\"@id\":\"https:\/\/totidiversidade.com.br\/blog\/#\/schema\/person\/1e081226da2876ce80b09a7508040c61\"},\"description\":\"Entenda quem s\u00e3o os refugiados clim\u00e1ticos, os impactos da crise ambiental e como as empresas podem atuar com responsabilidade social e a\u00e7\u00f5es ESG concretas.\",\"breadcrumb\":{\"@id\":\"https:\/\/totidiversidade.com.br\/blog\/refugiados-climaticos-e-esg\/#breadcrumb\"},\"inLanguage\":\"pt-BR\",\"potentialAction\":[{\"@type\":\"ReadAction\",\"target\":[\"https:\/\/totidiversidade.com.br\/blog\/refugiados-climaticos-e-esg\/\"]}]},{\"@type\":\"ImageObject\",\"inLanguage\":\"pt-BR\",\"@id\":\"https:\/\/totidiversidade.com.br\/blog\/refugiados-climaticos-e-esg\/#primaryimage\",\"url\":\"https:\/\/totidiversidade.com.br\/blog\/wp-content\/uploads\/2025\/09\/pexels-ahmed-akacha-3313934-10629442-1.jpg\",\"contentUrl\":\"https:\/\/totidiversidade.com.br\/blog\/wp-content\/uploads\/2025\/09\/pexels-ahmed-akacha-3313934-10629442-1.jpg\",\"width\":1200,\"height\":800,\"caption\":\"Apoiar e incluir refugiados clim\u00e1ticos refor\u00e7a o compromisso ESG das empresas\"},{\"@type\":\"BreadcrumbList\",\"@id\":\"https:\/\/totidiversidade.com.br\/blog\/refugiados-climaticos-e-esg\/#breadcrumb\",\"itemListElement\":[{\"@type\":\"ListItem\",\"position\":1,\"name\":\"In\u00edcio\",\"item\":\"https:\/\/totidiversidade.com.br\/blog\/\"},{\"@type\":\"ListItem\",\"position\":2,\"name\":\"Refugiados clim\u00e1ticos e ESG: entenda a conex\u00e3o e confira como as empresas podem agir\"}]},{\"@type\":\"WebSite\",\"@id\":\"https:\/\/totidiversidade.com.br\/blog\/#website\",\"url\":\"https:\/\/totidiversidade.com.br\/blog\/\",\"name\":\"Blog Toti Diversidade\",\"description\":\"Leia no blog da TOTI sobre diversidade, ESG e inclus\u00e3o de refugiados no mercado de tecnologia. Conte\u00fado que transforma empresas e vidas.\",\"alternateName\":\"Blog Toti\",\"potentialAction\":[{\"@type\":\"SearchAction\",\"target\":{\"@type\":\"EntryPoint\",\"urlTemplate\":\"https:\/\/totidiversidade.com.br\/blog\/?s={search_term_string}\"},\"query-input\":{\"@type\":\"PropertyValueSpecification\",\"valueRequired\":true,\"valueName\":\"search_term_string\"}}],\"inLanguage\":\"pt-BR\"},{\"@type\":\"Person\",\"@id\":\"https:\/\/totidiversidade.com.br\/blog\/#\/schema\/person\/1e081226da2876ce80b09a7508040c61\",\"name\":\"Natasha Ara\u00fajo\",\"image\":{\"@type\":\"ImageObject\",\"inLanguage\":\"pt-BR\",\"@id\":\"https:\/\/totidiversidade.com.br\/blog\/#\/schema\/person\/image\/\",\"url\":\"https:\/\/secure.gravatar.com\/avatar\/afe8cacf7a05e50fccc842b4acf6ab6c60e3453d15d17227e2a03ce32d3b1c64?s=96&d=mm&r=g\",\"contentUrl\":\"https:\/\/secure.gravatar.com\/avatar\/afe8cacf7a05e50fccc842b4acf6ab6c60e3453d15d17227e2a03ce32d3b1c64?s=96&d=mm&r=g\",\"caption\":\"Natasha Ara\u00fajo\"},\"url\":\"https:\/\/totidiversidade.com.br\/blog\/author\/natasha-araujo\/\"}]}<\/script>\n<!-- \/ Yoast SEO plugin. -->","yoast_head_json":{"title":"ESG e refugiados clim\u00e1ticos: qual \u00e9 o papel das empresas?","description":"Entenda quem s\u00e3o os refugiados clim\u00e1ticos, os impactos da crise ambiental e como as empresas podem atuar com responsabilidade social e a\u00e7\u00f5es ESG concretas.","robots":{"index":"index","follow":"follow","max-snippet":"max-snippet:-1","max-image-preview":"max-image-preview:large","max-video-preview":"max-video-preview:-1"},"canonical":"https:\/\/totidiversidade.com.br\/blog\/refugiados-climaticos-e-esg\/","og_locale":"pt_BR","og_type":"article","og_title":"ESG e refugiados clim\u00e1ticos: qual \u00e9 o papel das empresas?","og_description":"Entenda quem s\u00e3o os refugiados clim\u00e1ticos, os impactos da crise ambiental e como as empresas podem atuar com responsabilidade social e a\u00e7\u00f5es ESG concretas.","og_url":"https:\/\/totidiversidade.com.br\/blog\/refugiados-climaticos-e-esg\/","og_site_name":"Blog Diversidade e ESG | Toti","article_published_time":"2025-09-08T17:21:57+00:00","article_modified_time":"2025-09-23T22:31:37+00:00","og_image":[{"width":1200,"height":800,"url":"https:\/\/totidiversidade.com.br\/blog\/wp-content\/uploads\/2025\/09\/pexels-ahmed-akacha-3313934-10629442-1.jpg","type":"image\/jpeg"}],"author":"Natasha Ara\u00fajo","twitter_card":"summary_large_image","twitter_misc":{"Escrito por":"Natasha Ara\u00fajo","Est. tempo de leitura":"9 minutos"},"schema":{"@context":"https:\/\/schema.org","@graph":[{"@type":"WebPage","@id":"https:\/\/totidiversidade.com.br\/blog\/refugiados-climaticos-e-esg\/","url":"https:\/\/totidiversidade.com.br\/blog\/refugiados-climaticos-e-esg\/","name":"ESG e refugiados clim\u00e1ticos: qual \u00e9 o papel das empresas?","isPartOf":{"@id":"https:\/\/totidiversidade.com.br\/blog\/#website"},"primaryImageOfPage":{"@id":"https:\/\/totidiversidade.com.br\/blog\/refugiados-climaticos-e-esg\/#primaryimage"},"image":{"@id":"https:\/\/totidiversidade.com.br\/blog\/refugiados-climaticos-e-esg\/#primaryimage"},"thumbnailUrl":"https:\/\/totidiversidade.com.br\/blog\/wp-content\/uploads\/2025\/09\/pexels-ahmed-akacha-3313934-10629442-1.jpg","datePublished":"2025-09-08T17:21:57+00:00","dateModified":"2025-09-23T22:31:37+00:00","author":{"@id":"https:\/\/totidiversidade.com.br\/blog\/#\/schema\/person\/1e081226da2876ce80b09a7508040c61"},"description":"Entenda quem s\u00e3o os refugiados clim\u00e1ticos, os impactos da crise ambiental e como as empresas podem atuar com responsabilidade social e a\u00e7\u00f5es ESG concretas.","breadcrumb":{"@id":"https:\/\/totidiversidade.com.br\/blog\/refugiados-climaticos-e-esg\/#breadcrumb"},"inLanguage":"pt-BR","potentialAction":[{"@type":"ReadAction","target":["https:\/\/totidiversidade.com.br\/blog\/refugiados-climaticos-e-esg\/"]}]},{"@type":"ImageObject","inLanguage":"pt-BR","@id":"https:\/\/totidiversidade.com.br\/blog\/refugiados-climaticos-e-esg\/#primaryimage","url":"https:\/\/totidiversidade.com.br\/blog\/wp-content\/uploads\/2025\/09\/pexels-ahmed-akacha-3313934-10629442-1.jpg","contentUrl":"https:\/\/totidiversidade.com.br\/blog\/wp-content\/uploads\/2025\/09\/pexels-ahmed-akacha-3313934-10629442-1.jpg","width":1200,"height":800,"caption":"Apoiar e incluir refugiados clim\u00e1ticos refor\u00e7a o compromisso ESG das empresas"},{"@type":"BreadcrumbList","@id":"https:\/\/totidiversidade.com.br\/blog\/refugiados-climaticos-e-esg\/#breadcrumb","itemListElement":[{"@type":"ListItem","position":1,"name":"In\u00edcio","item":"https:\/\/totidiversidade.com.br\/blog\/"},{"@type":"ListItem","position":2,"name":"Refugiados clim\u00e1ticos e ESG: entenda a conex\u00e3o e confira como as empresas podem agir"}]},{"@type":"WebSite","@id":"https:\/\/totidiversidade.com.br\/blog\/#website","url":"https:\/\/totidiversidade.com.br\/blog\/","name":"Blog Toti Diversidade","description":"Leia no blog da TOTI sobre diversidade, ESG e inclus\u00e3o de refugiados no mercado de tecnologia. Conte\u00fado que transforma empresas e vidas.","alternateName":"Blog Toti","potentialAction":[{"@type":"SearchAction","target":{"@type":"EntryPoint","urlTemplate":"https:\/\/totidiversidade.com.br\/blog\/?s={search_term_string}"},"query-input":{"@type":"PropertyValueSpecification","valueRequired":true,"valueName":"search_term_string"}}],"inLanguage":"pt-BR"},{"@type":"Person","@id":"https:\/\/totidiversidade.com.br\/blog\/#\/schema\/person\/1e081226da2876ce80b09a7508040c61","name":"Natasha Ara\u00fajo","image":{"@type":"ImageObject","inLanguage":"pt-BR","@id":"https:\/\/totidiversidade.com.br\/blog\/#\/schema\/person\/image\/","url":"https:\/\/secure.gravatar.com\/avatar\/afe8cacf7a05e50fccc842b4acf6ab6c60e3453d15d17227e2a03ce32d3b1c64?s=96&d=mm&r=g","contentUrl":"https:\/\/secure.gravatar.com\/avatar\/afe8cacf7a05e50fccc842b4acf6ab6c60e3453d15d17227e2a03ce32d3b1c64?s=96&d=mm&r=g","caption":"Natasha Ara\u00fajo"},"url":"https:\/\/totidiversidade.com.br\/blog\/author\/natasha-araujo\/"}]}},"_links":{"self":[{"href":"https:\/\/totidiversidade.com.br\/blog\/wp-json\/wp\/v2\/posts\/9419","targetHints":{"allow":["GET"]}}],"collection":[{"href":"https:\/\/totidiversidade.com.br\/blog\/wp-json\/wp\/v2\/posts"}],"about":[{"href":"https:\/\/totidiversidade.com.br\/blog\/wp-json\/wp\/v2\/types\/post"}],"author":[{"embeddable":true,"href":"https:\/\/totidiversidade.com.br\/blog\/wp-json\/wp\/v2\/users\/5"}],"replies":[{"embeddable":true,"href":"https:\/\/totidiversidade.com.br\/blog\/wp-json\/wp\/v2\/comments?post=9419"}],"version-history":[{"count":15,"href":"https:\/\/totidiversidade.com.br\/blog\/wp-json\/wp\/v2\/posts\/9419\/revisions"}],"predecessor-version":[{"id":9550,"href":"https:\/\/totidiversidade.com.br\/blog\/wp-json\/wp\/v2\/posts\/9419\/revisions\/9550"}],"wp:featuredmedia":[{"embeddable":true,"href":"https:\/\/totidiversidade.com.br\/blog\/wp-json\/wp\/v2\/media\/9420"}],"wp:attachment":[{"href":"https:\/\/totidiversidade.com.br\/blog\/wp-json\/wp\/v2\/media?parent=9419"}],"wp:term":[{"taxonomy":"category","embeddable":true,"href":"https:\/\/totidiversidade.com.br\/blog\/wp-json\/wp\/v2\/categories?post=9419"},{"taxonomy":"post_tag","embeddable":true,"href":"https:\/\/totidiversidade.com.br\/blog\/wp-json\/wp\/v2\/tags?post=9419"}],"curies":[{"name":"wp","href":"https:\/\/api.w.org\/{rel}","templated":true}]}}